{"id":1354,"date":"2014-06-09T00:00:00","date_gmt":"2014-06-09T03:00:00","guid":{"rendered":"https:\/\/hostnetart.com.br\/baixada\/cut-manifesta-todo-apoio-a-greve-dos-metroviarios-de-sao-paulo\/"},"modified":"2014-06-09T00:00:00","modified_gmt":"2014-06-09T03:00:00","slug":"cut-manifesta-todo-apoio-a-greve-dos-metroviarios-de-sao-paulo","status":"publish","type":"post","link":"https:\/\/hostnetart.com.br\/baixada\/cut-manifesta-todo-apoio-a-greve-dos-metroviarios-de-sao-paulo\/","title":{"rendered":"CUT manifesta todo apoio \u00e0 greve dos metrovi\u00e1rios de S\u00e3o Paulo"},"content":{"rendered":"<p>A CUT \u2013 Central \u00danica dos Trabalhadores \u00e9 solid\u00e1ria \u00e0 greve dos\/as trabalhadores\/as do Metr\u00f4 de S\u00e3o Paulo e tamb\u00e9m \u00e0 popula\u00e7\u00e3o que utiliza o transporte coletivo. Todos n\u00f3s defendemos um transporte p\u00fablico de qualidade com trabalhadores\/as dignamente remunerados.<\/p>\n<p>A CUT entende que o governador de S\u00e3o Paulo-SP, Geraldo Alckmin, precisa agir com mais responsabilidade, tanto na condu\u00e7\u00e3o da negocia\u00e7\u00e3o com os representantes do Sindicato dos Metrovi\u00e1rios quanto com a popula\u00e7\u00e3o da cidade. Quatro milh\u00f5es de pessoas est\u00e3o sendo prejudicadas pela inabilidade do governo na negocia\u00e7\u00e3o com a categoria.<\/p>\n<p>As reivindica\u00e7\u00f5es s\u00e3o justas, do ponto de vista econ\u00f4mico e social. \u00c9 uma greve reivindicat\u00f3ria por melhores condi\u00e7\u00f5es de trabalho e sal\u00e1rio para os\/as metrovi\u00e1rios\/as, que s\u00f3 foi deflagrada, como \u00faltimo recurso, porque n\u00e3o houve um processo de negocia\u00e7\u00e3o democr\u00e1tico satisfat\u00f3rio entre as partes.<\/p>\n<p>Foi com greves como essa que os\/as companheiros\/as rodovi\u00e1rios\/as e os professores municipais de S\u00e3o Paulo conquistaram reajustes salariais acima de 10%.<\/p>\n<p>A CUT repudia veementemente a viol\u00eancia policial ao movimento grevista dos metrovi\u00e1rios de S\u00e3o Paulo. Pol\u00edcia tem de proteger o cidad\u00e3o, o trabalhador e a trabalhadora. N\u00e3o foi isso que a Tropa de Choque fez hoje. Para a CUT, o governador tem o dever de abrir negocia\u00e7\u00f5es s\u00e9rias com a categoria.<\/p>\n<p>A greve \u00e9 um direito leg\u00edtimo conquistado pelos\/as trabalhadores\/a e n\u00e3o pode ser repremida com for\u00e7a policial e a solu\u00e7\u00e3o tem de ser negociada.<\/p>\n<p>A CUT se coloca \u00e0 disposi\u00e7\u00e3o, tanto para a dire\u00e7\u00e3o do Sindicato como para o governo do Estado de SP e, principalmente, para os\/as metrovi\u00e1rios\/as de S\u00e3o Paulo, para contribuir na solu\u00e7\u00e3o desse conflito.<\/p>\n<p>S\u00e3o Paulo, 6 de junho de 2014.<\/p>\n<p>Vagner Freitas<br \/>Presidente<\/p>\n<p>Fonte: CUT Nacional<\/p>\n","protected":false},"excerpt":{"rendered":"<p>A CUT \u2013 Central \u00danica dos Trabalhadores \u00e9 solid\u00e1ria \u00e0 greve dos\/as trabalhadores\/as do Metr\u00f4 de S\u00e3o Paulo e tamb\u00e9m \u00e0 popula\u00e7\u00e3o que utiliza o transporte coletivo. Todos n\u00f3s defendemos um transporte p\u00fablico de qualidade com trabalhadores\/as dignamente remunerados. A CUT entende que o governador de S\u00e3o Paulo-SP, Geraldo Alckmin, precisa agir com mais responsabilidade, [&hellip;]<\/p>\n","protected":false},"author":1,"featured_media":0,"comment_status":"","ping_status":"","sticky":false,"template":"","format":"standard","meta":{"footnotes":""},"categories":[3],"tags":[],"class_list":["post-1354","post","type-post","status-publish","format-standard","hentry","category-noticias"],"_links":{"self":[{"href":"https:\/\/hostnetart.com.br\/baixada\/wp-json\/wp\/v2\/posts\/1354","targetHints":{"allow":["GET"]}}],"collection":[{"href":"https:\/\/hostnetart.com.br\/baixada\/wp-json\/wp\/v2\/posts"}],"about":[{"href":"https:\/\/hostnetart.com.br\/baixada\/wp-json\/wp\/v2\/types\/post"}],"author":[{"embeddable":true,"href":"https:\/\/hostnetart.com.br\/baixada\/wp-json\/wp\/v2\/users\/1"}],"replies":[{"embeddable":true,"href":"https:\/\/hostnetart.com.br\/baixada\/wp-json\/wp\/v2\/comments?post=1354"}],"version-history":[{"count":0,"href":"https:\/\/hostnetart.com.br\/baixada\/wp-json\/wp\/v2\/posts\/1354\/revisions"}],"wp:attachment":[{"href":"https:\/\/hostnetart.com.br\/baixada\/wp-json\/wp\/v2\/media?parent=1354"}],"wp:term":[{"taxonomy":"category","embeddable":true,"href":"https:\/\/hostnetart.com.br\/baixada\/wp-json\/wp\/v2\/categories?post=1354"},{"taxonomy":"post_tag","embeddable":true,"href":"https:\/\/hostnetart.com.br\/baixada\/wp-json\/wp\/v2\/tags?post=1354"}],"curies":[{"name":"wp","href":"https:\/\/api.w.org\/{rel}","templated":true}]}}