{"id":13530,"date":"2023-01-02T18:13:49","date_gmt":"2023-01-02T21:13:49","guid":{"rendered":"https:\/\/hostnetart.com.br\/baixada\/fetraf-rj-es-participa-do-seminario-o-papel-do-sindicalismo-na-reconstrucao-do-brasil-em-brasilia\/"},"modified":"2023-01-02T18:13:49","modified_gmt":"2023-01-02T21:13:49","slug":"fetraf-rj-es-participa-do-seminario-o-papel-do-sindicalismo-na-reconstrucao-do-brasil-em-brasilia","status":"publish","type":"post","link":"https:\/\/hostnetart.com.br\/baixada\/fetraf-rj-es-participa-do-seminario-o-papel-do-sindicalismo-na-reconstrucao-do-brasil-em-brasilia\/","title":{"rendered":"Fetraf-RJ\/ES participa do Semin\u00e1rio \u201cO Papel do Sindicalismo na Reconstru\u00e7\u00e3o do Brasil\u201d em Bras\u00edlia"},"content":{"rendered":"<p>A Federa\u00e7\u00e3o dos Trabalhadores do Ramo Financeiro dos Estados do Rio de Janeiro e Esp\u00edrito Santo (Fetraf-RJ\/ES), da qual o Sindicato dos Banc\u00e1rios da Baixada Fluminense \u00e9 filiado, esteve presente nesta segunda-feira, 2 de janeiro de 2023, no semin\u00e1rio \u201cO Papel do Sindicalismo na Reconstru\u00e7\u00e3o do Brasil\u201d, no Sindicato dos Banc\u00e1rios de Bras\u00edlia, no Distrito Federal.<\/p>\n<p>Wagner Figueiredo dos Santos, Diretor Geral de Finan\u00e7as da Fetraf RJ\/ES, participou do evento como membro da Dire\u00e7\u00e3o Executiva da Confedera\u00e7\u00e3o Nacional dos Trabalhadores do Ramo Financeiro (Contraf-CUT).<\/p>\n<p>Al\u00e9m dele, Nilton Dami\u00e3o Esperan\u00e7a, Presidente da Fetraf RJ\/ES, tamb\u00e9m esteve presente no Semin\u00e1rio.<\/p>\n<p>\u201cFoi um semin\u00e1rio emblem\u00e1tico, j\u00e1 que ocorreu logo ap\u00f3s a posse de Luiz In\u00e1cio Lula da Silva, novo presidente do Brasil. O evento foi engrandecedor, j\u00e1 que levaremos para nossa Federa\u00e7\u00e3o as ideias que sa\u00edram dele. O ano come\u00e7ou!\u201d, disse Nilton Dami\u00e3o.<\/p>\n<p><img fetchpriority=\"high\" decoding=\"async\" class=\"alignnone size-full wp-image-20274\" src=\"https:\/\/fetrafrjes.org.br\/wp-content\/uploads\/2023\/01\/08C77A5E-266B-4568-927C-41D9F9CCAC15.jpeg\" sizes=\"(max-width: 1280px) 100vw, 1280px\" srcset=\"https:\/\/fetrafrjes.org.br\/wp-content\/uploads\/2023\/01\/08C77A5E-266B-4568-927C-41D9F9CCAC15.jpeg 1280w, https:\/\/fetrafrjes.org.br\/wp-content\/uploads\/2023\/01\/08C77A5E-266B-4568-927C-41D9F9CCAC15-600x281.jpeg 600w, https:\/\/fetrafrjes.org.br\/wp-content\/uploads\/2023\/01\/08C77A5E-266B-4568-927C-41D9F9CCAC15-1024x480.jpeg 1024w, https:\/\/fetrafrjes.org.br\/wp-content\/uploads\/2023\/01\/08C77A5E-266B-4568-927C-41D9F9CCAC15-768x360.jpeg 768w, https:\/\/fetrafrjes.org.br\/wp-content\/uploads\/2023\/01\/08C77A5E-266B-4568-927C-41D9F9CCAC15-1200x563.jpeg 1200w\" alt=\"\" width=\"1280\" height=\"600\" \/><\/p>\n<p><strong>Fonte: Fetraf RJ\/ES<\/strong><\/p>\n","protected":false},"excerpt":{"rendered":"<p>A Federa\u00e7\u00e3o dos Trabalhadores do Ramo Financeiro dos Estados do Rio de Janeiro e Esp\u00edrito Santo (Fetraf-RJ\/ES), da qual o Sindicato dos Banc\u00e1rios da Baixada Fluminense \u00e9 filiado, esteve presente nesta segunda-feira, 2 de janeiro de 2023, no semin\u00e1rio \u201cO Papel do Sindicalismo na Reconstru\u00e7\u00e3o do Brasil\u201d, no Sindicato dos Banc\u00e1rios de Bras\u00edlia, no Distrito [&hellip;]<\/p>\n","protected":false},"author":2,"featured_media":13529,"comment_status":"","ping_status":"","sticky":false,"template":"","format":"standard","meta":{"footnotes":""},"categories":[3],"tags":[],"class_list":["post-13530","post","type-post","status-publish","format-standard","has-post-thumbnail","hentry","category-noticias"],"_links":{"self":[{"href":"https:\/\/hostnetart.com.br\/baixada\/wp-json\/wp\/v2\/posts\/13530","targetHints":{"allow":["GET"]}}],"collection":[{"href":"https:\/\/hostnetart.com.br\/baixada\/wp-json\/wp\/v2\/posts"}],"about":[{"href":"https:\/\/hostnetart.com.br\/baixada\/wp-json\/wp\/v2\/types\/post"}],"author":[{"embeddable":true,"href":"https:\/\/hostnetart.com.br\/baixada\/wp-json\/wp\/v2\/users\/2"}],"replies":[{"embeddable":true,"href":"https:\/\/hostnetart.com.br\/baixada\/wp-json\/wp\/v2\/comments?post=13530"}],"version-history":[{"count":0,"href":"https:\/\/hostnetart.com.br\/baixada\/wp-json\/wp\/v2\/posts\/13530\/revisions"}],"wp:featuredmedia":[{"embeddable":true,"href":"https:\/\/hostnetart.com.br\/baixada\/wp-json\/wp\/v2\/media\/13529"}],"wp:attachment":[{"href":"https:\/\/hostnetart.com.br\/baixada\/wp-json\/wp\/v2\/media?parent=13530"}],"wp:term":[{"taxonomy":"category","embeddable":true,"href":"https:\/\/hostnetart.com.br\/baixada\/wp-json\/wp\/v2\/categories?post=13530"},{"taxonomy":"post_tag","embeddable":true,"href":"https:\/\/hostnetart.com.br\/baixada\/wp-json\/wp\/v2\/tags?post=13530"}],"curies":[{"name":"wp","href":"https:\/\/api.w.org\/{rel}","templated":true}]}}