{"id":13526,"date":"2022-12-29T14:40:55","date_gmt":"2022-12-29T17:40:55","guid":{"rendered":"https:\/\/hostnetart.com.br\/baixada\/emprego-formal-reduz-ritmo-demissoes-crescem-mais-que-admissoes-e-salario-de-quem-e-contratado-continua-menor\/"},"modified":"2022-12-29T14:40:55","modified_gmt":"2022-12-29T17:40:55","slug":"emprego-formal-reduz-ritmo-demissoes-crescem-mais-que-admissoes-e-salario-de-quem-e-contratado-continua-menor","status":"publish","type":"post","link":"https:\/\/hostnetart.com.br\/baixada\/emprego-formal-reduz-ritmo-demissoes-crescem-mais-que-admissoes-e-salario-de-quem-e-contratado-continua-menor\/","title":{"rendered":"Emprego formal reduz ritmo, demiss\u00f5es crescem mais que admiss\u00f5es e sal\u00e1rio de quem \u00e9 contratado continua menor"},"content":{"rendered":"<p>O mercado formal de trabalho teve saldo de 135.495 vagas em novembro, segundo dados do\u00a0<a href=\"https:\/\/www.gov.br\/trabalho-e-previdencia\/pt-br\/servicos\/empregador\/caged\" target=\"_blank\" rel=\"noopener noreferrer\">Cadastro Geral de Empregados e Desempregados<\/a>\u00a0(\u201cnovo\u201d Caged), divulgados nesta quarta-feira (28) pelo Minist\u00e9rio do Trabalho e Previd\u00eancia. Resultado da metodologia agora aplicada, o estoque de empregos com carteira assinada chegou a 43.144.732, n\u00famero recorde. Mas as informa\u00e7\u00f5es mostram perda de ritmo nos tr\u00eas \u00faltimos meses \u2013 e tamb\u00e9m em rela\u00e7\u00e3o a 2021. Al\u00e9m disso, o sal\u00e1rio de quem entra no mercado continua sendo menor em rela\u00e7\u00e3o aos que s\u00e3o demitidos.<\/p>\n<p>De janeiro a novembro, o saldo \u00e9 de aproximadamente 2,5 milh\u00f5es de postos de trabalho formais (2.466.377). S\u00e3o 21.230.904 admiss\u00f5es e 18.764.527 desligamentos nesse per\u00edodo. Em rela\u00e7\u00e3o a igual per\u00edodo de 2021, as demiss\u00f5es (14,4%) crescem mais do que as contrata\u00e7\u00f5es (9%).<\/p>\n<p>Pelos n\u00fameros do Caged, o resultado de novembro foi sustentado pelo setor de com\u00e9rcio (saldo de 105.969) e pelos servi\u00e7os (92.213). No primeiro caso, destaque para o varejo de vestu\u00e1rio e acess\u00f3rios (20.731), o que pode se explicar pela proximidade das festas de fim de ano. A ind\u00fastria fechou 25.207 vagas, com impacto do setor sucroalcooleiro. Constru\u00e7\u00e3o (-18.769) e agropecu\u00e1ria (-18.211) tamb\u00e9m tiveram redu\u00e7\u00e3o no n\u00famero de postos de trabalho. No ano, os servi\u00e7os respondem por quase 1,4 milh\u00e3o de vagas formais.<\/p>\n<p>O sal\u00e1rio m\u00e9dio de admiss\u00e3o ao emprego, em novembro, ficou em R$ 1.919,81. J\u00e1 o sal\u00e1rio dos desligados era de R$ 2.009,05. Assim, quem \u00e9 contratado ganha 4,4% a menos do que aquele que foi demitido.<\/p>\n<p><strong>Fonte: Rede Brasil Atual<\/strong><\/p>\n","protected":false},"excerpt":{"rendered":"<p>O mercado formal de trabalho teve saldo de 135.495 vagas em novembro, segundo dados do\u00a0Cadastro Geral de Empregados e Desempregados\u00a0(\u201cnovo\u201d Caged), divulgados nesta quarta-feira (28) pelo Minist\u00e9rio do Trabalho e Previd\u00eancia. Resultado da metodologia agora aplicada, o estoque de empregos com carteira assinada chegou a 43.144.732, n\u00famero recorde. Mas as informa\u00e7\u00f5es mostram perda de ritmo [&hellip;]<\/p>\n","protected":false},"author":2,"featured_media":13525,"comment_status":"","ping_status":"","sticky":false,"template":"","format":"standard","meta":{"footnotes":""},"categories":[3],"tags":[],"class_list":["post-13526","post","type-post","status-publish","format-standard","has-post-thumbnail","hentry","category-noticias"],"_links":{"self":[{"href":"https:\/\/hostnetart.com.br\/baixada\/wp-json\/wp\/v2\/posts\/13526","targetHints":{"allow":["GET"]}}],"collection":[{"href":"https:\/\/hostnetart.com.br\/baixada\/wp-json\/wp\/v2\/posts"}],"about":[{"href":"https:\/\/hostnetart.com.br\/baixada\/wp-json\/wp\/v2\/types\/post"}],"author":[{"embeddable":true,"href":"https:\/\/hostnetart.com.br\/baixada\/wp-json\/wp\/v2\/users\/2"}],"replies":[{"embeddable":true,"href":"https:\/\/hostnetart.com.br\/baixada\/wp-json\/wp\/v2\/comments?post=13526"}],"version-history":[{"count":0,"href":"https:\/\/hostnetart.com.br\/baixada\/wp-json\/wp\/v2\/posts\/13526\/revisions"}],"wp:featuredmedia":[{"embeddable":true,"href":"https:\/\/hostnetart.com.br\/baixada\/wp-json\/wp\/v2\/media\/13525"}],"wp:attachment":[{"href":"https:\/\/hostnetart.com.br\/baixada\/wp-json\/wp\/v2\/media?parent=13526"}],"wp:term":[{"taxonomy":"category","embeddable":true,"href":"https:\/\/hostnetart.com.br\/baixada\/wp-json\/wp\/v2\/categories?post=13526"},{"taxonomy":"post_tag","embeddable":true,"href":"https:\/\/hostnetart.com.br\/baixada\/wp-json\/wp\/v2\/tags?post=13526"}],"curies":[{"name":"wp","href":"https:\/\/api.w.org\/{rel}","templated":true}]}}