{"id":13524,"date":"2022-12-29T14:40:04","date_gmt":"2022-12-29T17:40:04","guid":{"rendered":"https:\/\/hostnetart.com.br\/baixada\/ex-presidente-da-caixa-vai-para-a-secretaria-geral-da-presidencia\/"},"modified":"2022-12-29T14:40:04","modified_gmt":"2022-12-29T17:40:04","slug":"ex-presidente-da-caixa-vai-para-a-secretaria-geral-da-presidencia","status":"publish","type":"post","link":"https:\/\/hostnetart.com.br\/baixada\/ex-presidente-da-caixa-vai-para-a-secretaria-geral-da-presidencia\/","title":{"rendered":"Ex-presidente da Caixa vai para a Secretaria Geral da Presid\u00eancia"},"content":{"rendered":"<div id=\"chunk-ammao\">\n<div class=\"mc-column content-text active-extra-styles active-capital-letter\" data-block-type=\"unstyled\" data-block-weight=\"20\">\n<p class=\"content-text__container theme-color-primary-first-letter\" data-track-category=\"Link no Texto\" data-track-links=\"\">A ex-presidente da Caixa Econ\u00f4mica Federal, Maria Fernanda Coelho, vai ser a secret\u00e1ria-executiva da Secretaria Geral da Presid\u00eancia da Rep\u00fablica.<\/p>\n<\/div>\n<\/div>\n<div class=\"wall protected-content\">\n<div id=\"chunk-4rhqt\">\n<div class=\"mc-column content-text active-extra-styles \" data-block-type=\"unstyled\" data-block-weight=\"11\">\n<p class=\"content-text__container \" data-track-category=\"Link no Texto\" data-track-links=\"\">Ela aceitou o convite feito pelo futuro ministro, M\u00e1rcio Mac\u00eado.<\/p>\n<\/div>\n<\/div>\n<div data-track-category=\"multicontent\" data-track-action=\"ultimo chunk conteudo\" data-track-noninteraction=\"false\" data-track-scroll=\"view\">\n<div id=\"chunk-6h0cf\">\n<div class=\"mc-column content-text active-extra-styles \" data-block-type=\"unstyled\" data-block-weight=\"16\">\n<p class=\"content-text__container \" data-track-category=\"Link no Texto\" data-track-links=\"\">A Secretaria Geral, entre outras atribui\u00e7\u00f5es, vai cuidar das rela\u00e7\u00f5es do governo com os movimentos sociais.<\/p>\n<\/div>\n<\/div>\n<\/div>\n<\/div>\n<p><strong>Fonte: G1<\/strong><\/p>\n","protected":false},"excerpt":{"rendered":"<p>A ex-presidente da Caixa Econ\u00f4mica Federal, Maria Fernanda Coelho, vai ser a secret\u00e1ria-executiva da Secretaria Geral da Presid\u00eancia da Rep\u00fablica. Ela aceitou o convite feito pelo futuro ministro, M\u00e1rcio Mac\u00eado. A Secretaria Geral, entre outras atribui\u00e7\u00f5es, vai cuidar das rela\u00e7\u00f5es do governo com os movimentos sociais. Fonte: G1<\/p>\n","protected":false},"author":2,"featured_media":13523,"comment_status":"","ping_status":"","sticky":false,"template":"","format":"standard","meta":{"footnotes":""},"categories":[3],"tags":[],"class_list":["post-13524","post","type-post","status-publish","format-standard","has-post-thumbnail","hentry","category-noticias"],"_links":{"self":[{"href":"https:\/\/hostnetart.com.br\/baixada\/wp-json\/wp\/v2\/posts\/13524","targetHints":{"allow":["GET"]}}],"collection":[{"href":"https:\/\/hostnetart.com.br\/baixada\/wp-json\/wp\/v2\/posts"}],"about":[{"href":"https:\/\/hostnetart.com.br\/baixada\/wp-json\/wp\/v2\/types\/post"}],"author":[{"embeddable":true,"href":"https:\/\/hostnetart.com.br\/baixada\/wp-json\/wp\/v2\/users\/2"}],"replies":[{"embeddable":true,"href":"https:\/\/hostnetart.com.br\/baixada\/wp-json\/wp\/v2\/comments?post=13524"}],"version-history":[{"count":0,"href":"https:\/\/hostnetart.com.br\/baixada\/wp-json\/wp\/v2\/posts\/13524\/revisions"}],"wp:featuredmedia":[{"embeddable":true,"href":"https:\/\/hostnetart.com.br\/baixada\/wp-json\/wp\/v2\/media\/13523"}],"wp:attachment":[{"href":"https:\/\/hostnetart.com.br\/baixada\/wp-json\/wp\/v2\/media?parent=13524"}],"wp:term":[{"taxonomy":"category","embeddable":true,"href":"https:\/\/hostnetart.com.br\/baixada\/wp-json\/wp\/v2\/categories?post=13524"},{"taxonomy":"post_tag","embeddable":true,"href":"https:\/\/hostnetart.com.br\/baixada\/wp-json\/wp\/v2\/tags?post=13524"}],"curies":[{"name":"wp","href":"https:\/\/api.w.org\/{rel}","templated":true}]}}