{"id":13522,"date":"2022-12-28T14:43:10","date_gmt":"2022-12-28T17:43:10","guid":{"rendered":"https:\/\/hostnetart.com.br\/baixada\/ministerio-da-saude-amplia-vacinacao-da-covid-para-criancas-de-6-meses-a-4-anos\/"},"modified":"2022-12-28T14:43:10","modified_gmt":"2022-12-28T17:43:10","slug":"ministerio-da-saude-amplia-vacinacao-da-covid-para-criancas-de-6-meses-a-4-anos","status":"publish","type":"post","link":"https:\/\/hostnetart.com.br\/baixada\/ministerio-da-saude-amplia-vacinacao-da-covid-para-criancas-de-6-meses-a-4-anos\/","title":{"rendered":"Minist\u00e9rio da Sa\u00fade amplia vacina\u00e7\u00e3o da covid para crian\u00e7as de 6 meses a 4 anos"},"content":{"rendered":"<p>O Minist\u00e9rio da Sa\u00fade anunciou nesta ter\u00e7a-feira (27) a amplia\u00e7\u00e3o do uso da vacina\u00e7\u00e3o contra a covid-19 em beb\u00eas de 6 meses e a crian\u00e7as de 4 anos e 11 meses de idade, utilizando imunizante da Pfizer. A recomenda\u00e7\u00e3o foi publicada em nota t\u00e9cnica da pasta assinada no dia 23 pela coordena\u00e7\u00e3o do Programa Nacional de Imuniza\u00e7\u00f5es (PNI). At\u00e9 essa nova decis\u00e3o, o governo federal havia distribu\u00eddo as primeiras doses da chamada \u201cPfizer Baby\u201d apenas para crian\u00e7as de 6 meses a 2 anos e 11 meses que tivessem alguma comorbidade.<\/p>\n<p>O imunizante foi aprovado pela Ag\u00eancia Nacional de Vigil\u00e2ncia Sanit\u00e1ria (Anvisa) em setembro para todas as crian\u00e7as entre 6 meses e 4 anos e 11 meses, sem restri\u00e7\u00e3o de aplica\u00e7\u00e3o. Desta forma, o minist\u00e9rio segue a recomenda\u00e7\u00e3o da Comiss\u00e3o Nacional de Incorpora\u00e7\u00e3o de Tecnologias no Sistema \u00danico de Sa\u00fade (Conitec), que no in\u00edcio de dezembro deu parecer favor\u00e1vel \u00e0 vacina contra a covid para todas as crian\u00e7as de 6 meses a 4 anos, com ou sem comorbidades.<\/p>\n<p>A amplia\u00e7\u00e3o da vacina\u00e7\u00e3o infantil contra a covid dever\u00e1 ser feita de forma gradual.\u00a0 No caso das crian\u00e7as sem condi\u00e7\u00f5es pr\u00e9-existentes, a aplica\u00e7\u00e3o seguir\u00e1 a ordem:<\/p>\n<ul>\n<li>Crian\u00e7as de 6 meses a menores de 1 ano;<\/li>\n<li>Crian\u00e7as de 1 a 2 anos;<\/li>\n<li>Crian\u00e7as com 3 anos;<\/li>\n<li>Crian\u00e7as com 4 anos de idade.<\/li>\n<\/ul>\n<h3>Mudan\u00e7as no intervalo entre doses<\/h3>\n<p>A recomenda\u00e7\u00e3o do\u00a0<a href=\"https:\/\/www.gov.br\/saude\/pt-br\/\" target=\"_blank\" rel=\"noopener noreferrer\">Minist\u00e9rio da Sa\u00fade<\/a> traz tamb\u00e9m uma nova escala do intervalo entre a aplica\u00e7\u00e3o das doses.\u00a0A partir de agora, as\u00a0duas primeiras doses\u00a0ser\u00e3o aplicadas com um intervalo de\u00a0quatro semanas\u00a0e n\u00e3o de tr\u00eas semanas, como prop\u00f5e a Pfizer. A\u00a0terceira dose\u00a0deve ser aplicada pelo menos\u00a0oito semanas\u00a0ap\u00f3s a segunda. Segundo o governo, \u201cquest\u00f5es operacionais da vacina\u00e7\u00e3o\u201d s\u00e3o a justificativa para a mudan\u00e7a.<\/p>\n<p>A vacina da Pfizer destinada para crian\u00e7as de 6 meses a 4 anos \u00e9 apresentada em frasco com a tampa na cor vinho. J\u00e1 o imunizante para crian\u00e7as de 5 a 11 anos tem a tampa laranja e a aplicada a partir dos 12 anos, na cor roxa.<\/p>\n<p><strong>Fonte: Rede Brasil Atual<\/strong><\/p>\n","protected":false},"excerpt":{"rendered":"<p>O Minist\u00e9rio da Sa\u00fade anunciou nesta ter\u00e7a-feira (27) a amplia\u00e7\u00e3o do uso da vacina\u00e7\u00e3o contra a covid-19 em beb\u00eas de 6 meses e a crian\u00e7as de 4 anos e 11 meses de idade, utilizando imunizante da Pfizer. A recomenda\u00e7\u00e3o foi publicada em nota t\u00e9cnica da pasta assinada no dia 23 pela coordena\u00e7\u00e3o do Programa Nacional [&hellip;]<\/p>\n","protected":false},"author":2,"featured_media":13521,"comment_status":"","ping_status":"","sticky":false,"template":"","format":"standard","meta":{"footnotes":""},"categories":[3],"tags":[],"class_list":["post-13522","post","type-post","status-publish","format-standard","has-post-thumbnail","hentry","category-noticias"],"_links":{"self":[{"href":"https:\/\/hostnetart.com.br\/baixada\/wp-json\/wp\/v2\/posts\/13522","targetHints":{"allow":["GET"]}}],"collection":[{"href":"https:\/\/hostnetart.com.br\/baixada\/wp-json\/wp\/v2\/posts"}],"about":[{"href":"https:\/\/hostnetart.com.br\/baixada\/wp-json\/wp\/v2\/types\/post"}],"author":[{"embeddable":true,"href":"https:\/\/hostnetart.com.br\/baixada\/wp-json\/wp\/v2\/users\/2"}],"replies":[{"embeddable":true,"href":"https:\/\/hostnetart.com.br\/baixada\/wp-json\/wp\/v2\/comments?post=13522"}],"version-history":[{"count":0,"href":"https:\/\/hostnetart.com.br\/baixada\/wp-json\/wp\/v2\/posts\/13522\/revisions"}],"wp:featuredmedia":[{"embeddable":true,"href":"https:\/\/hostnetart.com.br\/baixada\/wp-json\/wp\/v2\/media\/13521"}],"wp:attachment":[{"href":"https:\/\/hostnetart.com.br\/baixada\/wp-json\/wp\/v2\/media?parent=13522"}],"wp:term":[{"taxonomy":"category","embeddable":true,"href":"https:\/\/hostnetart.com.br\/baixada\/wp-json\/wp\/v2\/categories?post=13522"},{"taxonomy":"post_tag","embeddable":true,"href":"https:\/\/hostnetart.com.br\/baixada\/wp-json\/wp\/v2\/tags?post=13522"}],"curies":[{"name":"wp","href":"https:\/\/api.w.org\/{rel}","templated":true}]}}