{"id":13520,"date":"2022-12-28T03:05:23","date_gmt":"2022-12-28T06:05:23","guid":{"rendered":"https:\/\/hostnetart.com.br\/baixada\/conquista-no-act-controle-de-jornada-para-trabalho-remoto-comeca-dia-2-de-janeiro\/"},"modified":"2022-12-28T03:05:23","modified_gmt":"2022-12-28T06:05:23","slug":"conquista-no-act-controle-de-jornada-para-trabalho-remoto-comeca-dia-2-de-janeiro","status":"publish","type":"post","link":"https:\/\/hostnetart.com.br\/baixada\/conquista-no-act-controle-de-jornada-para-trabalho-remoto-comeca-dia-2-de-janeiro\/","title":{"rendered":"Conquista no ACT, controle de jornada para trabalho remoto come\u00e7a dia 2 de janeiro"},"content":{"rendered":"<p>Depois de muita negocia\u00e7\u00e3o durante a Campanha Nacional dos Banc\u00e1rios 2022, novas regras para o trabalho remoto, como o controle da jornada e o direito \u00e0 desconex\u00e3o, v\u00e3o valer a partir do dia 2 de janeiro de 2023. Este foi o comunicado do banco aos empregados nesta ter\u00e7a-feira (27).<\/p>\n<p>O acordo de teletrabalho est\u00e1 nos moldes da Conven\u00e7\u00e3o Coletiva de Trabalho (CCT)\u00a0 &#8211; <a href=\"https:\/\/contrafcut.com.br\/wp-content\/uploads\/2022\/09\/cct-2022-2024.pdf\">confira aqui<\/a>, com controle de jornada, pagamento de ajuda de custo, direto \u00e0 desconex\u00e3o e previs\u00e3o de compensa\u00e7\u00e3o das horas extras trabalhadas para quem est\u00e1 em teletrabalho, no m\u00eas subsequente das horas efetuadas. Caso n\u00e3o aconte\u00e7a a compensa\u00e7\u00e3o, as horas extras ser\u00e3o pagas.<\/p>\n<p>Cardoso, que estava \u00e0 frente da Comiss\u00e3o Executiva de Empregados (CEE\/Caixa) nas negocia\u00e7\u00f5es, destacou a import\u00e2ncia da conquista. \u201cEnfrentamos negocia\u00e7\u00f5es dur\u00edssimas diante de um cen\u00e1rio pol\u00edtico e econ\u00f4mico de ataque aos direitos dos trabalhadores. Esses direitos s\u00e3o frutos de muita discuss\u00e3o, de mesas de negocia\u00e7\u00e3o cansativas pela intransig\u00eancia do banco. Ainda assim, conquistamos avan\u00e7os para toda a categoria banc\u00e1ria, o que confirma a for\u00e7a da mobiliza\u00e7\u00e3o das empregadas e empregados do banco\u201d, lembrou Cardoso, que tamb\u00e9m \u00e9 diretor Financeiro e Administrativo da Fenae e participou das negocia\u00e7\u00f5es com o Comando Nacional dos Banc\u00e1rios.<\/p>\n<p>Al\u00e9m do acordo em teletrabalho, o ACT (<a href=\"https:\/\/contrafcut.com.br\/wp-content\/uploads\/2022\/09\/caixa-act-geral-2022-2024.pdf\">veja aqui<\/a>), v\u00e1lido para os pr\u00f3ximos dois anos, garante todos os direitos anteriores do \u00faltimo acordo, como a manuten\u00e7\u00e3o da PLR Social, do adiantamento de f\u00e9rias, do adicional noturno e da Comiss\u00e3o Interna de Preven\u00e7\u00e3o de Acidentes (CIPA).<\/p>\n<p><strong>Fonte: Fenae<\/strong><\/p>\n","protected":false},"excerpt":{"rendered":"<p>Depois de muita negocia\u00e7\u00e3o durante a Campanha Nacional dos Banc\u00e1rios 2022, novas regras para o trabalho remoto, como o controle da jornada e o direito \u00e0 desconex\u00e3o, v\u00e3o valer a partir do dia 2 de janeiro de 2023. Este foi o comunicado do banco aos empregados nesta ter\u00e7a-feira (27). O acordo de teletrabalho est\u00e1 nos [&hellip;]<\/p>\n","protected":false},"author":2,"featured_media":13519,"comment_status":"","ping_status":"","sticky":false,"template":"","format":"standard","meta":{"footnotes":""},"categories":[3],"tags":[],"class_list":["post-13520","post","type-post","status-publish","format-standard","has-post-thumbnail","hentry","category-noticias"],"_links":{"self":[{"href":"https:\/\/hostnetart.com.br\/baixada\/wp-json\/wp\/v2\/posts\/13520","targetHints":{"allow":["GET"]}}],"collection":[{"href":"https:\/\/hostnetart.com.br\/baixada\/wp-json\/wp\/v2\/posts"}],"about":[{"href":"https:\/\/hostnetart.com.br\/baixada\/wp-json\/wp\/v2\/types\/post"}],"author":[{"embeddable":true,"href":"https:\/\/hostnetart.com.br\/baixada\/wp-json\/wp\/v2\/users\/2"}],"replies":[{"embeddable":true,"href":"https:\/\/hostnetart.com.br\/baixada\/wp-json\/wp\/v2\/comments?post=13520"}],"version-history":[{"count":0,"href":"https:\/\/hostnetart.com.br\/baixada\/wp-json\/wp\/v2\/posts\/13520\/revisions"}],"wp:featuredmedia":[{"embeddable":true,"href":"https:\/\/hostnetart.com.br\/baixada\/wp-json\/wp\/v2\/media\/13519"}],"wp:attachment":[{"href":"https:\/\/hostnetart.com.br\/baixada\/wp-json\/wp\/v2\/media?parent=13520"}],"wp:term":[{"taxonomy":"category","embeddable":true,"href":"https:\/\/hostnetart.com.br\/baixada\/wp-json\/wp\/v2\/categories?post=13520"},{"taxonomy":"post_tag","embeddable":true,"href":"https:\/\/hostnetart.com.br\/baixada\/wp-json\/wp\/v2\/tags?post=13520"}],"curies":[{"name":"wp","href":"https:\/\/api.w.org\/{rel}","templated":true}]}}