{"id":13516,"date":"2022-12-27T14:01:45","date_gmt":"2022-12-27T17:01:45","guid":{"rendered":"https:\/\/hostnetart.com.br\/baixada\/justica-do-trabalho-decide-que-conviccao-pessoal-nao-e-motivo-para-deixar-de-tomar-vacina-contra-a-covid\/"},"modified":"2022-12-27T14:01:45","modified_gmt":"2022-12-27T17:01:45","slug":"justica-do-trabalho-decide-que-conviccao-pessoal-nao-e-motivo-para-deixar-de-tomar-vacina-contra-a-covid","status":"publish","type":"post","link":"https:\/\/hostnetart.com.br\/baixada\/justica-do-trabalho-decide-que-conviccao-pessoal-nao-e-motivo-para-deixar-de-tomar-vacina-contra-a-covid\/","title":{"rendered":"Justi\u00e7a do Trabalho decide que \u2018convic\u00e7\u00e3o pessoal\u2019 n\u00e3o \u00e9 motivo para deixar de tomar vacina contra a covid"},"content":{"rendered":"<p>A convic\u00e7\u00e3o pessoal n\u00e3o \u00e9 motivo suficiente para que uma pessoa deixe de tomar vacina contra a covid-19, segundo decis\u00e3o de primeira inst\u00e2ncia da Justi\u00e7a do Trabalho. Assim, foram considerados improcedentes os pedidos de uma cirurgi\u00e3-dentista que entrou na Justi\u00e7a ap\u00f3s sofrer processo administrativo-disciplinar por parte do munic\u00edpio de Mau\u00e1, na regi\u00e3o do Grande ABC paulista, por recusar a vacina\u00e7\u00e3o.<\/p>\n<p>De acordo com senten\u00e7a da ju\u00edza Tatiane Pastorelli Dutra, da 3\u00aa Vara do Trabalho de Mau\u00e1, n\u00e3o havia motivo justa para a decis\u00e3o da funcion\u00e1ria, que al\u00e9m da convic\u00e7\u00e3o pessoal alegou um diagn\u00f3stico de c\u00e2ncer de mama para n\u00e3o se imunizar. Cabe recurso.<\/p>\n<p>\u201cNa a\u00e7\u00e3o trabalhista, a mulher conta que o empregador imp\u00f4s a vacina\u00e7\u00e3o como condi\u00e7\u00e3o para o trabalho. Requereu antecipa\u00e7\u00e3o de tutela para o que o munic\u00edpio deixe de computar como faltas injustificadas o per\u00edodo em que foi impedida de exercer suas fun\u00e7\u00f5es. Tamb\u00e9m pede autoriza\u00e7\u00e3o para o retorno imediato ao servi\u00e7o e que n\u00e3o lhe seja aplicada puni\u00e7\u00e3o\u201d, informa o Tribunal Regional do Trabalho da 2\u00aa Regi\u00e3o (TRT-2), que abrange a Grande S\u00e3o Paulo e a Baixada Santista.<\/p>\n<p>Para a magistrada, a dentista utilizou os exames cl\u00ednicos do c\u00e2ncer de mama \u201capenas para camuflar convic\u00e7\u00e3o pessoal de n\u00e3o se vacinar\u201d. Na senten\u00e7a, ela lembrou que a funcion\u00e1ria admitiu ao perito n\u00e3o ter recebido recomenda\u00e7\u00e3o m\u00e9dica sobre alguma contraindica\u00e7\u00e3o da vacina contra a covid. Al\u00e9m disso, afirmou que n\u00e3o se imunizou por n\u00e3o ser\u00a0 \u201ccobaia\u201d\u00a0 e\u00a0 n\u00e3o\u00a0 quer\u00a0 \u201cusar\u00a0 uma\u00a0 droga\u00a0 que\u00a0 n\u00e3o\u00a0 conhece\u201d. E ainda citou a chamada Revolta da Vacina do in\u00edcio do s\u00e9culo passado, quando a imuniza\u00e7\u00e3o contra a var\u00edola se tornou obrigat\u00f3ria no pa\u00eds, causando protestos.<\/p>\n<h3>Falta de informa\u00e7\u00e3o<\/h3>\n<p>\u201cA segmenta\u00e7\u00e3o do conhecimento mostra-se t\u00e3o influente no mundo contempor\u00e2neo que a pr\u00f3pria reclamante \u2013 que \u00e9 profissional da \u00e1rea da sa\u00fade \u2013 atesta que \u2018n\u00e3o quer usar uma droga que n\u00e3o conhece&#8217;\u201d, afirma a ju\u00edza. \u201cDe fato, \u00e9 ineg\u00e1vel que a autora nada conhece sobre vacina. N\u00e3o \u00e9 imunologista, tampouco participou das diversas e rigorosas fases de estudos para o desenvolvimento dos imunizantes. Exatamente por isso, por nada conhecer, deve buscar se informar com quem sabe.\u201d<\/p>\n<p><a href=\"https:\/\/www.redebrasilatual.com.br\/tag\/coronavirus\/\" target=\"_blank\" rel=\"noopener noreferrer\">At\u00e9 ontem (25)<\/a>, o pa\u00eds confirmou 36.124.337 casos de covid. O n\u00famero de morte confirmadas chega a 692.743. Os dados s\u00e3o do Conselho Nacional de Secret\u00e1rios de Sa\u00fade (<a href=\"https:\/\/www.conass.org.br\/painelconasscovid19\/\">Conass<\/a>).<\/p>\n<p><strong>Fonte: Rede Brasil Atual<\/strong><\/p>\n","protected":false},"excerpt":{"rendered":"<p>A convic\u00e7\u00e3o pessoal n\u00e3o \u00e9 motivo suficiente para que uma pessoa deixe de tomar vacina contra a covid-19, segundo decis\u00e3o de primeira inst\u00e2ncia da Justi\u00e7a do Trabalho. Assim, foram considerados improcedentes os pedidos de uma cirurgi\u00e3-dentista que entrou na Justi\u00e7a ap\u00f3s sofrer processo administrativo-disciplinar por parte do munic\u00edpio de Mau\u00e1, na regi\u00e3o do Grande ABC [&hellip;]<\/p>\n","protected":false},"author":2,"featured_media":13515,"comment_status":"","ping_status":"","sticky":false,"template":"","format":"standard","meta":{"footnotes":""},"categories":[3],"tags":[],"class_list":["post-13516","post","type-post","status-publish","format-standard","has-post-thumbnail","hentry","category-noticias"],"_links":{"self":[{"href":"https:\/\/hostnetart.com.br\/baixada\/wp-json\/wp\/v2\/posts\/13516","targetHints":{"allow":["GET"]}}],"collection":[{"href":"https:\/\/hostnetart.com.br\/baixada\/wp-json\/wp\/v2\/posts"}],"about":[{"href":"https:\/\/hostnetart.com.br\/baixada\/wp-json\/wp\/v2\/types\/post"}],"author":[{"embeddable":true,"href":"https:\/\/hostnetart.com.br\/baixada\/wp-json\/wp\/v2\/users\/2"}],"replies":[{"embeddable":true,"href":"https:\/\/hostnetart.com.br\/baixada\/wp-json\/wp\/v2\/comments?post=13516"}],"version-history":[{"count":0,"href":"https:\/\/hostnetart.com.br\/baixada\/wp-json\/wp\/v2\/posts\/13516\/revisions"}],"wp:featuredmedia":[{"embeddable":true,"href":"https:\/\/hostnetart.com.br\/baixada\/wp-json\/wp\/v2\/media\/13515"}],"wp:attachment":[{"href":"https:\/\/hostnetart.com.br\/baixada\/wp-json\/wp\/v2\/media?parent=13516"}],"wp:term":[{"taxonomy":"category","embeddable":true,"href":"https:\/\/hostnetart.com.br\/baixada\/wp-json\/wp\/v2\/categories?post=13516"},{"taxonomy":"post_tag","embeddable":true,"href":"https:\/\/hostnetart.com.br\/baixada\/wp-json\/wp\/v2\/tags?post=13516"}],"curies":[{"name":"wp","href":"https:\/\/api.w.org\/{rel}","templated":true}]}}