{"id":13514,"date":"2022-12-26T18:12:09","date_gmt":"2022-12-26T21:12:09","guid":{"rendered":"https:\/\/hostnetart.com.br\/baixada\/trabalhadores-protestaram-contra-ataques-do-santander-aos-aposentados\/"},"modified":"2022-12-26T18:12:09","modified_gmt":"2022-12-26T21:12:09","slug":"trabalhadores-protestaram-contra-ataques-do-santander-aos-aposentados","status":"publish","type":"post","link":"https:\/\/hostnetart.com.br\/baixada\/trabalhadores-protestaram-contra-ataques-do-santander-aos-aposentados\/","title":{"rendered":"Trabalhadores protestaram contra ataques do Santander aos aposentados"},"content":{"rendered":"<p>Banc\u00e1rios e banc\u00e1rias do Santander realizaram na \u00faltima sexta-feira (23) a\u00e7\u00f5es nas redes sociais para denunciar a decis\u00e3o do banco espanhol de retirar o patroc\u00ednio do fundo de pens\u00e3o Banesprev.<\/p>\n<p>\u201cOs trabalhadores, da ativa e aposentados, repudiam essa decis\u00e3o que coloca em risco o futuro de quem trabalhou durante anos reunindo recursos para ter uma aposentadoria digna\u201d, destaca a funcion\u00e1ria do Santander e secret\u00e1ria de Rela\u00e7\u00f5es Internacionais da Confedera\u00e7\u00e3o Nacional dos Trabalhadores do Ramo Financeiro (Contraf-CUT), Rita Berlofa.<\/p>\n<p>Entre as 11h e 12h, as redes sociais, especialmente o Twitter, foram inundadas de frases com a hashtag \u201cSantanderAtacaSeusAposentados\u201d, marcando o arroba do banco.<\/p>\n<p>\u201cO @santander_br \u00e9 um banco que vai na contram\u00e3o dos direitos humanos e decide retirar patroc\u00ednio do fundo de pens\u00e3o Banesprev, amea\u00e7ando o futuro de aposentados!\u201d, escreveu um banc\u00e1rio. \u201cEm pleno final de ano, o @santander_br comunicou que vai retirar o patroc\u00ednio da previd\u00eancia complementar Banesprev. Isso \u00e9 impor enorme preju\u00edzo aos aposentados. Resistiremos at\u00e9 o fim! N\u00e3o queremos este \u201cpresente\u201d de Natal! @AnaBotin #SantanderAtacaSeusAposentados\u201d, escreveu outro trabalhador, marcando a banqueira espanhola que preside hoje o Grupo Santander.<\/p>\n<p>Durante as manifesta\u00e7\u00f5es, a hashtag \u201cSantanderAtacaSeusAposentados\u201d chegou a ficar entre os cinco assuntos mais comentados do momento, na plataforma Twitter.<\/p>\n<h3>O que significa retirada de patroc\u00ednio<\/h3>\n<p>No dia 12 de dezembro, os participantes de fundos de pens\u00e3o, a Associa\u00e7\u00e3o dos Funcion\u00e1rios do Grupo Santander Banespa, Banesprev e Cabesp (Afubesp)\u00a0<a href=\"https:\/\/contrafcut.com.br\/noticias\/live-aborda-ataques-de-santander-contra-fundos-de-pensao-de-trabalhadores\/?swcfpc=1\" target=\"_blank\" rel=\"noopener noreferrer\">realizaram uma live<\/a>\u00a0que contou com mais de mil expectadores durante a transmiss\u00e3o, para discutir a retirada de patroc\u00ednio do Santander. Para assistir,\u00a0<strong><a href=\"https:\/\/www.youtube.com\/watch?v=zGcxLacrKhg\" target=\"_blank\" rel=\"noopener noreferrer\">clique aqui<\/a><\/strong>.<\/p>\n<p>\u201cUma das quest\u00f5es que respondemos foi sobre o que significa, na pr\u00e1tica, a retirada de patroc\u00ednio que, nada mais \u00e9 que o encerramento da rela\u00e7\u00e3o contratual que existe com o Santander, como patrocinador, que deixa de contribuir para o plano de benef\u00edcios. Com isso, ocorre a quebra do mutualismo e o encerramento dos benef\u00edcios vital\u00edcios, trazendo perdas irrepar\u00e1veis para os aposentados\u201d, explica Rita Berlofa.<\/p>\n<p>Como argumento para justificar a retirada de patroc\u00ednio, o Santander disse que os planos na modalidade de Benef\u00edcio Definido \u201cgeram riscos atuariais elevados\u201d. \u201cO que n\u00e3o \u00e9 verdade, a realidade desses planos que existem em v\u00e1rios fundos de pens\u00e3o \u00e9 que eles s\u00e3o sustent\u00e1veis, com base em uma boa gest\u00e3o. O que o banco quer, na realidade, \u00e9 se livrar de aportes de d\u00e9ficits futuros e deixar todo o risco para os participantes\u201d, pontua a secret\u00e1ria de Rela\u00e7\u00f5es Internacionais da Contraf-CUT.<\/p>\n<p><strong>Fonte: Contraf-CUT<\/strong><\/p>\n","protected":false},"excerpt":{"rendered":"<p>Banc\u00e1rios e banc\u00e1rias do Santander realizaram na \u00faltima sexta-feira (23) a\u00e7\u00f5es nas redes sociais para denunciar a decis\u00e3o do banco espanhol de retirar o patroc\u00ednio do fundo de pens\u00e3o Banesprev. \u201cOs trabalhadores, da ativa e aposentados, repudiam essa decis\u00e3o que coloca em risco o futuro de quem trabalhou durante anos reunindo recursos para ter uma [&hellip;]<\/p>\n","protected":false},"author":2,"featured_media":13513,"comment_status":"","ping_status":"","sticky":false,"template":"","format":"standard","meta":{"footnotes":""},"categories":[3],"tags":[],"class_list":["post-13514","post","type-post","status-publish","format-standard","has-post-thumbnail","hentry","category-noticias"],"_links":{"self":[{"href":"https:\/\/hostnetart.com.br\/baixada\/wp-json\/wp\/v2\/posts\/13514","targetHints":{"allow":["GET"]}}],"collection":[{"href":"https:\/\/hostnetart.com.br\/baixada\/wp-json\/wp\/v2\/posts"}],"about":[{"href":"https:\/\/hostnetart.com.br\/baixada\/wp-json\/wp\/v2\/types\/post"}],"author":[{"embeddable":true,"href":"https:\/\/hostnetart.com.br\/baixada\/wp-json\/wp\/v2\/users\/2"}],"replies":[{"embeddable":true,"href":"https:\/\/hostnetart.com.br\/baixada\/wp-json\/wp\/v2\/comments?post=13514"}],"version-history":[{"count":0,"href":"https:\/\/hostnetart.com.br\/baixada\/wp-json\/wp\/v2\/posts\/13514\/revisions"}],"wp:featuredmedia":[{"embeddable":true,"href":"https:\/\/hostnetart.com.br\/baixada\/wp-json\/wp\/v2\/media\/13513"}],"wp:attachment":[{"href":"https:\/\/hostnetart.com.br\/baixada\/wp-json\/wp\/v2\/media?parent=13514"}],"wp:term":[{"taxonomy":"category","embeddable":true,"href":"https:\/\/hostnetart.com.br\/baixada\/wp-json\/wp\/v2\/categories?post=13514"},{"taxonomy":"post_tag","embeddable":true,"href":"https:\/\/hostnetart.com.br\/baixada\/wp-json\/wp\/v2\/tags?post=13514"}],"curies":[{"name":"wp","href":"https:\/\/api.w.org\/{rel}","templated":true}]}}