{"id":13512,"date":"2022-12-26T18:05:54","date_gmt":"2022-12-26T21:05:54","guid":{"rendered":"https:\/\/hostnetart.com.br\/baixada\/bb-aprova-concurso-publico-para-2023-reivindicacao-do-movimento-sindical\/"},"modified":"2022-12-26T18:05:54","modified_gmt":"2022-12-26T21:05:54","slug":"bb-aprova-concurso-publico-para-2023-reivindicacao-do-movimento-sindical","status":"publish","type":"post","link":"https:\/\/hostnetart.com.br\/baixada\/bb-aprova-concurso-publico-para-2023-reivindicacao-do-movimento-sindical\/","title":{"rendered":"BB aprova concurso p\u00fablico para 2023, reivindica\u00e7\u00e3o do movimento sindical"},"content":{"rendered":"<p>O Banco do Brasil divulgou nesta sexta (23), no Di\u00e1rio Oficial da Uni\u00e3o, o edital de concurso p\u00fablico para 6 mil vagas. Desse total, 2 mil s\u00e3o para contrata\u00e7\u00e3o imediata para escritur\u00e1rio agente comercial e mais mil vagas para forma\u00e7\u00e3o de cadastro de reserva, com atua\u00e7\u00e3o nas unidades de neg\u00f3cios e plataformas de suporte operacional (PSO). Outras 2 mil vagas s\u00e3o para escritur\u00e1rio agente tecnologia, com mais mil vagas para cadastro de reserva de profissionais com foco em conhecimentos de tecnologia da informa\u00e7\u00e3o (TI).<\/p>\n<p>Segundo o BB, a previs\u00e3o \u00e9 que as vagas sejam distribu\u00eddas entre todos os estados do pa\u00eds, exceto \u00e0s de TI, exclusivas para Bras\u00edlia e S\u00e3o Paulo. \u201c\u00c9 muito importante novas contrata\u00e7\u00f5es, mas o total de vagas anunciadas no concurso ainda \u00e9 insuficiente para reverter o movimento de desmonte que ocorreu nos \u00faltimos anos\u201d, explica Fernanda Lopes, representante da Confedera\u00e7\u00e3o Nacional dos Trabalhadores do Ramo Financeiro (Contraf-CUT) na CEBB. \u201cDesde 2016, o BB fechou mais de 1.500 ag\u00eancias e cortou cerca de 10 mil empregos, o que, al\u00e9m de reduzir a presen\u00e7a de banco p\u00fablico nas periferias e pequenas cidades, levou \u00e0 insufici\u00eancia de m\u00e3o de obra e sobrecarga dos funcion\u00e1rios, que continuaram sendo submetidos a metas cont\u00ednuas\u201d, completa.<\/p>\n<p>A retomada de concursos p\u00fablicos foi uma das reivindica\u00e7\u00f5es levadas pelo movimento sindical na Campanha Salarial 2022. \u201cO fortalecimento do Banco do Brasil como um banco p\u00fablico \u00e9 fundamental para o pa\u00eds voltar a crescer e manter um desenvolvimento voltado \u00e0 redu\u00e7\u00e3o das desigualdades\u201d, pontua Fernanda Lopes. \u201cE o que os trabalhadores e o movimento sindical defendem \u00e9 um BB n\u00e3o s\u00f3 para o agroneg\u00f3cio e grandes empresas, mas tamb\u00e9m para a agricultura familiar, para cooperativas de produ\u00e7\u00e3o, para pequeno neg\u00f3cio e microempreendedores.\u00a0 E isso passa pela valoriza\u00e7\u00e3o e amplia\u00e7\u00e3o do corpo de funcion\u00e1rios e da presen\u00e7a do banco em todas as regi\u00f5es e comunidades do pa\u00eds\u201d, destaca.<\/p>\n<p><strong>Servi\u00e7o<\/strong><\/p>\n<p>As inscri\u00e7\u00f5es podem ser feitas at\u00e9 24 de fevereiro de 2023 na p\u00e1gina da Funda\u00e7\u00e3o Cesgranrio no valor de R$ 50. A previs\u00e3o \u00e9 de que as provas sejam realizadas em 23 de abril de 2023.<\/p>\n<p>No momento da inscri\u00e7\u00e3o, o candidato deve escolher a UF\/Macrorregi\u00e3o\/Microrregi\u00e3o de posse e uma das 177 cidades dispon\u00edveis para realiza\u00e7\u00e3o das provas.<\/p>\n<p>Mais informa\u00e7\u00f5es sobre o concurso podem ser obtidas no Edital, dispon\u00edvel para consulta no site\u00a0<a href=\"http:\/\/www.bb.com.br\/concurso\" target=\"_blank\" rel=\"noopener noreferrer\">www.bb.com.br\/concurso<\/a>, no Di\u00e1rio Oficial da Uni\u00e3o, e no site\u00a0<a href=\"http:\/\/www.cesgranrio.org.br\/\" target=\"_blank\" rel=\"noopener noreferrer\">www.cesgranrio.org.br<\/a>.<\/p>\n<p><strong>Fonte: Contraf-CUT<\/strong><\/p>\n","protected":false},"excerpt":{"rendered":"<p>O Banco do Brasil divulgou nesta sexta (23), no Di\u00e1rio Oficial da Uni\u00e3o, o edital de concurso p\u00fablico para 6 mil vagas. Desse total, 2 mil s\u00e3o para contrata\u00e7\u00e3o imediata para escritur\u00e1rio agente comercial e mais mil vagas para forma\u00e7\u00e3o de cadastro de reserva, com atua\u00e7\u00e3o nas unidades de neg\u00f3cios e plataformas de suporte operacional [&hellip;]<\/p>\n","protected":false},"author":2,"featured_media":13511,"comment_status":"","ping_status":"","sticky":false,"template":"","format":"standard","meta":{"footnotes":""},"categories":[3],"tags":[],"class_list":["post-13512","post","type-post","status-publish","format-standard","has-post-thumbnail","hentry","category-noticias"],"_links":{"self":[{"href":"https:\/\/hostnetart.com.br\/baixada\/wp-json\/wp\/v2\/posts\/13512","targetHints":{"allow":["GET"]}}],"collection":[{"href":"https:\/\/hostnetart.com.br\/baixada\/wp-json\/wp\/v2\/posts"}],"about":[{"href":"https:\/\/hostnetart.com.br\/baixada\/wp-json\/wp\/v2\/types\/post"}],"author":[{"embeddable":true,"href":"https:\/\/hostnetart.com.br\/baixada\/wp-json\/wp\/v2\/users\/2"}],"replies":[{"embeddable":true,"href":"https:\/\/hostnetart.com.br\/baixada\/wp-json\/wp\/v2\/comments?post=13512"}],"version-history":[{"count":0,"href":"https:\/\/hostnetart.com.br\/baixada\/wp-json\/wp\/v2\/posts\/13512\/revisions"}],"wp:featuredmedia":[{"embeddable":true,"href":"https:\/\/hostnetart.com.br\/baixada\/wp-json\/wp\/v2\/media\/13511"}],"wp:attachment":[{"href":"https:\/\/hostnetart.com.br\/baixada\/wp-json\/wp\/v2\/media?parent=13512"}],"wp:term":[{"taxonomy":"category","embeddable":true,"href":"https:\/\/hostnetart.com.br\/baixada\/wp-json\/wp\/v2\/categories?post=13512"},{"taxonomy":"post_tag","embeddable":true,"href":"https:\/\/hostnetart.com.br\/baixada\/wp-json\/wp\/v2\/tags?post=13512"}],"curies":[{"name":"wp","href":"https:\/\/api.w.org\/{rel}","templated":true}]}}