{"id":13508,"date":"2022-12-22T13:07:56","date_gmt":"2022-12-22T16:07:56","guid":{"rendered":"https:\/\/hostnetart.com.br\/baixada\/brasil-tem-239-novas-mortes-por-covid-19-e-media-movel-sobe-ha-30-dias\/"},"modified":"2022-12-22T13:07:56","modified_gmt":"2022-12-22T16:07:56","slug":"brasil-tem-239-novas-mortes-por-covid-19-e-media-movel-sobe-ha-30-dias","status":"publish","type":"post","link":"https:\/\/hostnetart.com.br\/baixada\/brasil-tem-239-novas-mortes-por-covid-19-e-media-movel-sobe-ha-30-dias\/","title":{"rendered":"Brasil tem 239 novas mortes por covid-19, e m\u00e9dia m\u00f3vel sobe h\u00e1 30 dias"},"content":{"rendered":"<p>O Brasil chegou nesta ter\u00e7a-feira (20) \u00e0 marca de 692.280 vidas perdidas e a 36.001.760 pessoas infectadas pela covid-19 desde o in\u00edcio da pandemia, em mar\u00e7o de 2020. De acordo com dados do Conselho Nacional de Secret\u00e1rios de Sa\u00fade (<a href=\"https:\/\/www.conass.org.br\/painelconasscovid19\/\" target=\"_blank\" rel=\"noopener noreferrer\">Conass<\/a>), entre segunda e ontem outras 56.697 pessoas testaram positivo para o novo coronav\u00edrus. A m\u00e9dia m\u00f3vel di\u00e1ria (verificada em uma semana) de mortes de pessoas com covid-19 subiu pelo 30\u00ba dia seguido com os 239 \u00f3bitos registrados ontem pelo Conass.<\/p>\n<p>\u00c9 a maior m\u00e9dia de mortes por covid desde agosto. Na compara\u00e7\u00e3o com os \u00faltimos 7 dias, a m\u00e9dia de \u00f3bitos \u00e9 de 157. A de casos tamb\u00e9m segue em alta, com 43.549 casos da doen\u00e7a registrados em m\u00e9dia por dia. Segundo a mais recente edi\u00e7\u00e3o do\u00a0<a href=\"https:\/\/agencia.fiocruz.br\/infogripe-queda-de-casos-no-rj-e-sp-desacelera-curva-nacional-de-srag\" target=\"_blank\" rel=\"noopener noreferrer\">Boletim InfoGripe\u00a0<\/a>da Funda\u00e7\u00e3o Oswaldo Cruz (Fiocruz), divulgado na sexta (16), h\u00e1 uma tend\u00eancia de aumento de casos de covid na popula\u00e7\u00e3o adulta em todos os estados do pa\u00eds.\u00a0<\/p>\n<h2><strong>Cuidados no Natal e no R\u00e9veillon\u00a0<\/strong><\/h2>\n<p>Em raz\u00e3o da proximidade das celebra\u00e7\u00f5es de final de ano, o pesquisador e coordenador do Infogripe, Marcelo Gomes, refor\u00e7ou a import\u00e2ncia da manuten\u00e7\u00e3o de cautela, especialmente para as pessoas com maior risco de desenvolver casos graves.<\/p>\n<blockquote class=\"wp-block-quote\">\n<p><strong>\u201cO uso de m\u00e1scaras adequadas no transporte p\u00fablico, locais fechados ou mal ventilados e nas aglomera\u00e7\u00f5es \u00e9 recomendado at\u00e9 que o cen\u00e1rio epidemiol\u00f3gico volte \u00e0 situa\u00e7\u00e3o de baixa circula\u00e7\u00e3o do Sars-CoV-2\u201d, explicou Gomes.\u00a0<\/strong><\/p>\n<\/blockquote>\n<p>O esquema vacinal atualizado tamb\u00e9m \u00e9 uma garantia de seguran\u00e7a, de acordo com infectologistas. A recomenda\u00e7\u00e3o \u00e9 ter os comprovantes de imuniza\u00e7\u00e3o inclusive nas confraterniza\u00e7\u00f5es. A vacina \u00e9 fundamental porque, embora n\u00e3o impe\u00e7a os casos leves de covid, diminui muito o risco de formas graves da doen\u00e7a.\u00a0<\/p>\n<h3>Vacina\u00e7\u00e3o<\/h3>\n<p>Mas, de acordo com dados do Minist\u00e9rio da Sa\u00fade,\u00a0apenas 49,78% da popula\u00e7\u00e3o total tomou a dose de refor\u00e7o contra a doen\u00e7a do novo coronav\u00edrus. No geral, 80,24% receberam duas doses ou dose \u00fanica. A maioria \u2013 84,91% \u2013 est\u00e1 parcialmente imunizada com apenas uma das doses necess\u00e1rias. Entre as crian\u00e7as de 3 a 11 anos, somente 37,41% est\u00e3o totalmente imunizadas.<\/p>\n<p>\u201cA minha vontade de \u2018infecto-raiz\u2019 \u00e9 falar para n\u00e3o fazer festa de final de ano, mas n\u00e3o \u00e9 algo fact\u00edvel, sinceramente. Mesmo com a maior circula\u00e7\u00e3o do v\u00edrus agora e uma taxa de mortalidade que n\u00e3o \u00e9 de 4.000, mas de cem por dia e isso \u00e9 alto, se a gente come\u00e7a a falar assim as pessoas n\u00e3o v\u00e3o seguir nada\u201d, justificou a infectologista Raquel Stucchi, da Universidade Estadual de Campinas (Unicamp) e consultora da Sociedade Brasileira de Infectologia (SBI), ao jornal\u00a0<em>Folha de S.Paulo<\/em>.\u00a0<\/p>\n<p>Outras formas de evitar a transmiss\u00e3o \u00e9 preferir encontros em ambientes abertos, locais com ventila\u00e7\u00e3o natural, deixando janelas e portas abertas. O uso de m\u00e1scara, \u00e1lcool em gel, distanciamento f\u00edsico e higiene das m\u00e3os tamb\u00e9m seguem recomendados.<\/p>\n<p><strong>Fonte: Rede Brasil Atual<\/strong><\/p>\n","protected":false},"excerpt":{"rendered":"<p>O Brasil chegou nesta ter\u00e7a-feira (20) \u00e0 marca de 692.280 vidas perdidas e a 36.001.760 pessoas infectadas pela covid-19 desde o in\u00edcio da pandemia, em mar\u00e7o de 2020. De acordo com dados do Conselho Nacional de Secret\u00e1rios de Sa\u00fade (Conass), entre segunda e ontem outras 56.697 pessoas testaram positivo para o novo coronav\u00edrus. A m\u00e9dia [&hellip;]<\/p>\n","protected":false},"author":2,"featured_media":13507,"comment_status":"","ping_status":"","sticky":false,"template":"","format":"standard","meta":{"footnotes":""},"categories":[3],"tags":[],"class_list":["post-13508","post","type-post","status-publish","format-standard","has-post-thumbnail","hentry","category-noticias"],"_links":{"self":[{"href":"https:\/\/hostnetart.com.br\/baixada\/wp-json\/wp\/v2\/posts\/13508","targetHints":{"allow":["GET"]}}],"collection":[{"href":"https:\/\/hostnetart.com.br\/baixada\/wp-json\/wp\/v2\/posts"}],"about":[{"href":"https:\/\/hostnetart.com.br\/baixada\/wp-json\/wp\/v2\/types\/post"}],"author":[{"embeddable":true,"href":"https:\/\/hostnetart.com.br\/baixada\/wp-json\/wp\/v2\/users\/2"}],"replies":[{"embeddable":true,"href":"https:\/\/hostnetart.com.br\/baixada\/wp-json\/wp\/v2\/comments?post=13508"}],"version-history":[{"count":0,"href":"https:\/\/hostnetart.com.br\/baixada\/wp-json\/wp\/v2\/posts\/13508\/revisions"}],"wp:featuredmedia":[{"embeddable":true,"href":"https:\/\/hostnetart.com.br\/baixada\/wp-json\/wp\/v2\/media\/13507"}],"wp:attachment":[{"href":"https:\/\/hostnetart.com.br\/baixada\/wp-json\/wp\/v2\/media?parent=13508"}],"wp:term":[{"taxonomy":"category","embeddable":true,"href":"https:\/\/hostnetart.com.br\/baixada\/wp-json\/wp\/v2\/categories?post=13508"},{"taxonomy":"post_tag","embeddable":true,"href":"https:\/\/hostnetart.com.br\/baixada\/wp-json\/wp\/v2\/tags?post=13508"}],"curies":[{"name":"wp","href":"https:\/\/api.w.org\/{rel}","templated":true}]}}