{"id":13504,"date":"2022-12-22T12:57:56","date_gmt":"2022-12-22T15:57:56","guid":{"rendered":"https:\/\/hostnetart.com.br\/baixada\/leilao-de-predio-sede-do-bb-no-rio-segue-suspenso\/"},"modified":"2022-12-22T12:57:56","modified_gmt":"2022-12-22T15:57:56","slug":"leilao-de-predio-sede-do-bb-no-rio-segue-suspenso","status":"publish","type":"post","link":"https:\/\/hostnetart.com.br\/baixada\/leilao-de-predio-sede-do-bb-no-rio-segue-suspenso\/","title":{"rendered":"Leil\u00e3o de pr\u00e9dio sede do BB no Rio segue suspenso"},"content":{"rendered":"<p>O leil\u00e3o do pr\u00e9dio da sede do Banco do Brasil no Rio de Janeiro, conhecido como Sedan, que estava previsto para ocorrer nesta ter\u00e7a (20), segue suspenso. A retirada do im\u00f3vel do site de lances ocorreu h\u00e1 cerca de uma semana, logo ap\u00f3s o Sindicato dos Banc\u00e1rios do Rio de Janeiro levar den\u00fancias de poss\u00edveis irregularidades no processo ao deputado federal eleito Reimont Luiz Otoni (PT-RJ) e \u00e0 Comiss\u00e3o de Empresa dos Funcion\u00e1rios (CEBB).<\/p>\n<p>\u201cExistem suspeitas de irregularidades em todo o tr\u00e2mite. Por exemplo, constava do edital, que agora n\u00e3o est\u00e1 mais dispon\u00edvel no site, que a avalia\u00e7\u00e3o em valores do im\u00f3vel era zero. Outra quest\u00e3o importante \u00e9 que, para realocar os trabalhadores retirados do Sedan, o BB alugou um im\u00f3vel no\u00a0<a href=\"https:\/\/www.terra.com.br\/economia\/rio-empresas-compram-imovel-de-r-680-milhoes,4357005bab92b310VgnCLD200000bbcceb0aRCRD.html\">Condom\u00ednio Ventura, que pertence ao BTG Pactual<\/a>, empresa que foi fundada pelo atual ministro da Economia, Paulo Guedes\u201d, destacou o coordenador da CEBB, Jo\u00e3o Fukunaga.<\/p>\n<p>Na \u00faltima quinta-feira (15), a bancada do PT na C\u00e2mara dos Deputados apresentou uma nota em rep\u00fadio \u00e0 venda do edif\u00edcio de 45 andares, um dos mais altos do Rio, e avaliado em R$ 311 milh\u00f5es. No documento, os parlamentares destacam a necessidade de transpar\u00eancia e lisura no processo, para evitar preju\u00edzos ao patrim\u00f4nio p\u00fablico e ainda frisam rumores da liga\u00e7\u00e3o entre a venda do pr\u00e9dio e a loca\u00e7\u00e3o de um novo espa\u00e7o que pertence ao BTG Pactual.<\/p>\n<p>Outro destaque da carta \u00e9 que o BTG j\u00e1 teria participado de outra opera\u00e7\u00e3o duvidosa envolvendo o BB, que est\u00e1 sendo investigada pelo Tribunal de Contas da Uni\u00e3o (TCU) e pela Corregedoria Geral da Uni\u00e3o (CGU): a compra de uma carteira de cr\u00e9dito do banco p\u00fablico avaliada em R$ 2,9 bilh\u00f5es por somente R$ 371 milh\u00f5es.<\/p>\n<h3><strong>Haddad: governo eleito deveria ser consultado<\/strong><\/h3>\n<p>Durante coletiva \u00e0 imprensa, no dia 13 de dezembro, o futuro ministro da Economia, Fernando Haddad, se manifestou contra a venda do pr\u00e9dio da sede do Banco do Brasil no Rio. \u201cComo princ\u00edpio, eu acho que o governo atual deveria consultar o governo eleito sobre qualquer decis\u00e3o, sobretudo decis\u00f5es importantes, n\u00e3o as ordin\u00e1rias, como a manuten\u00e7\u00e3o da m\u00e1quina funcionando, mas estas quest\u00f5es mais cruciais, como licita\u00e7\u00f5es, venda de patrim\u00f4nio, tudo isto poderia ser objeto de uma discuss\u00e3o\u201d, disse.<\/p>\n<p>Haddad tamb\u00e9m mostrou preocupa\u00e7\u00e3o pela forma acelerada em que o processo de leil\u00e3o estava ocorrendo e pontuou que, num regime democr\u00e1tico esse tipo de transa\u00e7\u00e3o deveria ocorrer sem pressa. \u201c\u00c9 o que eu faria. Acho que o governo tem que consultar, este \u00e9 o procedimento democr\u00e1tico e aquilo que tiver acordo, toca. Acho errado n\u00e3o seguir este protocolo\u201d, pontuou.<\/p>\n<h3><strong>Entenda<\/strong><\/h3>\n<p>As not\u00edcias sobre a venda do Sedan come\u00e7aram em 2020, quando o banco p\u00fablico alegou que a medida fazia parte de um programa de moderniza\u00e7\u00e3o e corte de custos. Apesar disso, somente no dia 28 de novembro deste ano, portanto logo ap\u00f3s o resultado das urnas em que Bolsonaro saiu derrotado, o edital sobre o pr\u00e9dio foi divulgado no site de leil\u00e3o.<\/p>\n<p>Durante o processo para preparar o Sedan \u00e0 venda, o BB alugou um im\u00f3vel no Condom\u00ednio Ventura Corporate, onde passariam a funcionar as depend\u00eancias do Sedan e da BB Asset Manegement.<\/p>\n<p>Ainda em 2020, a deputada federal Gleisi Hoffmann (PT-PR) solicitou explica\u00e7\u00f5es para Guedes, \u201cacerca da venda da sede do Banco do Brasil\u201d e tamb\u00e9m sobre \u201cposterior loca\u00e7\u00e3o, supostamente antiecon\u00f4mica de outro espa\u00e7o\u201d, pertencente ao BTG Pactual.<\/p>\n<p>As respostas enviadas de volta \u00e0 C\u00e2mara, pelo ministro e tamb\u00e9m pela administra\u00e7\u00e3o do BB, se resumiram a defender as transa\u00e7\u00f5es como sendo medidas para manter a \u201ccompetitividade em condi\u00e7\u00f5es de igualdade\u201d do BB no mercado. Mas, ambas \u00e0s respostas, \u201cn\u00e3o trouxeram subs\u00eddios t\u00e9cnicos e econ\u00f4micos\u201d, destacou a diretora do Sindicato dos Banc\u00e1rios do Rio de Janeiro, Rita Mota, que tamb\u00e9m integra a CEBB.<\/p>\n<p><strong>Fonte<\/strong>:\u00a0<a href=\"https:\/\/www.bancariosrio.org.br\/index.php\/component\/k2\/item\/9794-haddad-defende-que-venda-do-predio-sedan-do-banco-do-brasil-passe-por-consulta-ao-novo-governo\">Imprensa Seeb\/Rio<\/a><\/p>\n","protected":false},"excerpt":{"rendered":"<p>O leil\u00e3o do pr\u00e9dio da sede do Banco do Brasil no Rio de Janeiro, conhecido como Sedan, que estava previsto para ocorrer nesta ter\u00e7a (20), segue suspenso. A retirada do im\u00f3vel do site de lances ocorreu h\u00e1 cerca de uma semana, logo ap\u00f3s o Sindicato dos Banc\u00e1rios do Rio de Janeiro levar den\u00fancias de poss\u00edveis [&hellip;]<\/p>\n","protected":false},"author":2,"featured_media":13503,"comment_status":"","ping_status":"","sticky":false,"template":"","format":"standard","meta":{"footnotes":""},"categories":[3],"tags":[],"class_list":["post-13504","post","type-post","status-publish","format-standard","has-post-thumbnail","hentry","category-noticias"],"_links":{"self":[{"href":"https:\/\/hostnetart.com.br\/baixada\/wp-json\/wp\/v2\/posts\/13504","targetHints":{"allow":["GET"]}}],"collection":[{"href":"https:\/\/hostnetart.com.br\/baixada\/wp-json\/wp\/v2\/posts"}],"about":[{"href":"https:\/\/hostnetart.com.br\/baixada\/wp-json\/wp\/v2\/types\/post"}],"author":[{"embeddable":true,"href":"https:\/\/hostnetart.com.br\/baixada\/wp-json\/wp\/v2\/users\/2"}],"replies":[{"embeddable":true,"href":"https:\/\/hostnetart.com.br\/baixada\/wp-json\/wp\/v2\/comments?post=13504"}],"version-history":[{"count":0,"href":"https:\/\/hostnetart.com.br\/baixada\/wp-json\/wp\/v2\/posts\/13504\/revisions"}],"wp:featuredmedia":[{"embeddable":true,"href":"https:\/\/hostnetart.com.br\/baixada\/wp-json\/wp\/v2\/media\/13503"}],"wp:attachment":[{"href":"https:\/\/hostnetart.com.br\/baixada\/wp-json\/wp\/v2\/media?parent=13504"}],"wp:term":[{"taxonomy":"category","embeddable":true,"href":"https:\/\/hostnetart.com.br\/baixada\/wp-json\/wp\/v2\/categories?post=13504"},{"taxonomy":"post_tag","embeddable":true,"href":"https:\/\/hostnetart.com.br\/baixada\/wp-json\/wp\/v2\/tags?post=13504"}],"curies":[{"name":"wp","href":"https:\/\/api.w.org\/{rel}","templated":true}]}}