{"id":13500,"date":"2022-12-21T17:42:20","date_gmt":"2022-12-21T20:42:20","guid":{"rendered":"https:\/\/hostnetart.com.br\/baixada\/uma-nova-caixa-empregados-entregam-documento-a-equipe-de-transicao\/"},"modified":"2022-12-21T17:42:20","modified_gmt":"2022-12-21T20:42:20","slug":"uma-nova-caixa-empregados-entregam-documento-a-equipe-de-transicao","status":"publish","type":"post","link":"https:\/\/hostnetart.com.br\/baixada\/uma-nova-caixa-empregados-entregam-documento-a-equipe-de-transicao\/","title":{"rendered":"Uma nova Caixa! Empregados entregam documento \u00e0 equipe de transi\u00e7\u00e3o"},"content":{"rendered":"<p>A Confedera\u00e7\u00e3o Nacional dos Trabalhadores do Ramo Financeiro (Contraf-CUT), a Federa\u00e7\u00e3o Nacional das Associa\u00e7\u00f5es do Pessoal da Caixa Econ\u00f4mica Federal (Fenae), outras seis entidades associativas e de representa\u00e7\u00e3o dos empregados, al\u00e9m da representante dos trabalhadores no Conselho de Administra\u00e7\u00e3o da Caixa, Rita Serrano, entregaram ao presidente eleito, Luiz In\u00e1cio Lula da Silva, na segunda-feira (19), um documento com informa\u00e7\u00f5es sobre a situa\u00e7\u00e3o do maior banco p\u00fablico da Am\u00e9rica Latina.<\/p>\n<p>O documento, intitulado\u00a0<em>Uma nova Caixa para um novo Brasil<\/em>, apresenta dados que mostram o processo de descapitaliza\u00e7\u00e3o da Caixa, reduzindo sua capacidade de execu\u00e7\u00e3o de pol\u00edticas sociais do governo federal, assim como de contribuir para o desenvolvimento econ\u00f4mico e social do pa\u00eds.<\/p>\n<p>Mas, para al\u00e9m da quest\u00e3o da liquidez, o documento tamb\u00e9m ressalta que a Caixa passou, nos \u00faltimos anos, por um processo de desestrutura\u00e7\u00e3o, com a nomea\u00e7\u00e3o de executivos de \u201cmercado\u201d para cargos de gest\u00e3o corporativa, em evidente conflito de interesses entre p\u00fablico e privado, gerando um clima de persegui\u00e7\u00e3o de empregados, com ass\u00e9dio moral e sexual, o que chegou a levar a adoecimento, pedido de demiss\u00e3o e at\u00e9 suic\u00eddio de empregados.<\/p>\n<p>Levado \u00e0s m\u00e3os de Lula pelo senador eleito Wellington Dias (PT-PI), o documento faz um breve registro das a\u00e7\u00f5es das entidades para enfrentar o sucateamento pelo qual passou o banco p\u00fablico desde o impeachment da ex-presidenta Dilma Rousseff.<\/p>\n<p>\u201cA inten\u00e7\u00e3o \u00e9 contribuir com a equipe de transi\u00e7\u00e3o e a equipe econ\u00f4mica do futuro governo em futuras medidas a serem adotadas para e pela Caixa, pois entendemos que no atual governo n\u00e3o foi poss\u00edvel, mas, nas m\u00e3os certas, ela pode ser um importante alicerce para a execu\u00e7\u00e3o das pol\u00edticas p\u00fablicas, contribuindo com a redu\u00e7\u00e3o da desigualdade e para o desenvolvimento econ\u00f4mico e social do pa\u00eds\u201d, afirmou o diretor da Contraf-CUT, Rafael de Castro.<\/p>\n<p><strong>Leia a\u00a0<a href=\"https:\/\/contrafcut.com.br\/uma-nova-caixa-para-um-novo-brasil\/\" target=\"_blank\" rel=\"noopener noreferrer\">\u00edntegra do documento<\/a><\/strong><\/p>\n<p><strong>Fonte: Contraf-CUT<\/strong><\/p>\n","protected":false},"excerpt":{"rendered":"<p>A Confedera\u00e7\u00e3o Nacional dos Trabalhadores do Ramo Financeiro (Contraf-CUT), a Federa\u00e7\u00e3o Nacional das Associa\u00e7\u00f5es do Pessoal da Caixa Econ\u00f4mica Federal (Fenae), outras seis entidades associativas e de representa\u00e7\u00e3o dos empregados, al\u00e9m da representante dos trabalhadores no Conselho de Administra\u00e7\u00e3o da Caixa, Rita Serrano, entregaram ao presidente eleito, Luiz In\u00e1cio Lula da Silva, na segunda-feira (19), [&hellip;]<\/p>\n","protected":false},"author":2,"featured_media":13499,"comment_status":"","ping_status":"","sticky":false,"template":"","format":"standard","meta":{"footnotes":""},"categories":[3],"tags":[],"class_list":["post-13500","post","type-post","status-publish","format-standard","has-post-thumbnail","hentry","category-noticias"],"_links":{"self":[{"href":"https:\/\/hostnetart.com.br\/baixada\/wp-json\/wp\/v2\/posts\/13500","targetHints":{"allow":["GET"]}}],"collection":[{"href":"https:\/\/hostnetart.com.br\/baixada\/wp-json\/wp\/v2\/posts"}],"about":[{"href":"https:\/\/hostnetart.com.br\/baixada\/wp-json\/wp\/v2\/types\/post"}],"author":[{"embeddable":true,"href":"https:\/\/hostnetart.com.br\/baixada\/wp-json\/wp\/v2\/users\/2"}],"replies":[{"embeddable":true,"href":"https:\/\/hostnetart.com.br\/baixada\/wp-json\/wp\/v2\/comments?post=13500"}],"version-history":[{"count":0,"href":"https:\/\/hostnetart.com.br\/baixada\/wp-json\/wp\/v2\/posts\/13500\/revisions"}],"wp:featuredmedia":[{"embeddable":true,"href":"https:\/\/hostnetart.com.br\/baixada\/wp-json\/wp\/v2\/media\/13499"}],"wp:attachment":[{"href":"https:\/\/hostnetart.com.br\/baixada\/wp-json\/wp\/v2\/media?parent=13500"}],"wp:term":[{"taxonomy":"category","embeddable":true,"href":"https:\/\/hostnetart.com.br\/baixada\/wp-json\/wp\/v2\/categories?post=13500"},{"taxonomy":"post_tag","embeddable":true,"href":"https:\/\/hostnetart.com.br\/baixada\/wp-json\/wp\/v2\/tags?post=13500"}],"curies":[{"name":"wp","href":"https:\/\/api.w.org\/{rel}","templated":true}]}}