{"id":13494,"date":"2022-12-20T13:22:56","date_gmt":"2022-12-20T16:22:56","guid":{"rendered":"https:\/\/hostnetart.com.br\/baixada\/movimento-sindical-apoia-chapa-1-para-o-conselho-de-usuarios-do-saude-caixa\/"},"modified":"2022-12-20T13:22:56","modified_gmt":"2022-12-20T16:22:56","slug":"movimento-sindical-apoia-chapa-1-para-o-conselho-de-usuarios-do-saude-caixa","status":"publish","type":"post","link":"https:\/\/hostnetart.com.br\/baixada\/movimento-sindical-apoia-chapa-1-para-o-conselho-de-usuarios-do-saude-caixa\/","title":{"rendered":"Movimento Sindical apoia Chapa 1 para o Conselho de Usu\u00e1rios do Sa\u00fade Caixa"},"content":{"rendered":"<p>Empregadas e empregados da Caixa Econ\u00f4mica Federal escolher\u00e3o, entre 16 e 20 de janeiro, seus representantes no Conselho de Usu\u00e1rios do Sa\u00fade Caixa. Todos os usu\u00e1rios, da ativa e aposentados podem votar (veja abaixo como votar).<\/p>\n<p>\u201cO Conselho de Usu\u00e1rios \u00e9 uma importante ferramenta de defesa do Sa\u00fade Caixa e dos interesses dos empregados com rela\u00e7\u00e3o ao plano de sa\u00fade. Por isso, \u00e9 preciso analisar com aten\u00e7\u00e3o os candidatos e candidatas e eleger aqueles que realmente estar\u00e3o ao nosso lado\u201d, afirmou o empregado da Caixa e diretor da Confedera\u00e7\u00e3o Nacional dos Trabalhadores do Ramo Financeiro (Contraf-CUT), Rafael de Castro.<\/p>\n<p>A Contraf-CUT apoia a Chapa 1 (Movimento Pela Sa\u00fade) que tem o fortalecimento do Sa\u00fade Caixa, com transpar\u00eancia e sustentabilidade, como sua principal bandeira de luta. \u201cApoiamos a Chapa 1 porque seus membros souberam defender o plano dos ataques promovidos por uma gest\u00e3o que estava alinhada a um governo totalmente alheio aos direitos e interesses dos trabalhadores. Eles provaram ser os mais capacitados a continuar nesta tarefa\u201d, disse a presidenta da Contraf-CUT, Juvandia Moreira.<\/p>\n<p><strong>&gt;&gt;&gt;&gt;&gt;<\/strong>\u00a0<a href=\"https:\/\/www.instagram.com\/movpelasaudechapa1\/\" target=\"_blank\" rel=\"noopener noreferrer\">Conhe\u00e7a as candidatas e candidatos da Chapa 1 e suas propostas<\/a><br \/><strong>&gt;&gt;&gt;&gt;&gt;<\/strong>\u00a0<a href=\"https:\/\/centralsaudecaixa.com.br\/conselho\/chapa0001\/\" target=\"_blank\" rel=\"noopener noreferrer\">Acesse a Central de atendimento Sa\u00fade Caixa<\/a><\/p>\n<p>\u201cVamos atuar com olhar voltado para o ser humano, em defesa dos usu\u00e1rios, sempre exigindo transpar\u00eancia, a responsabilidade com a sustentabilidade do plano, a manuten\u00e7\u00e3o do modelo de custeio com 70% das despesas assistenciais pagas pela Caixa e 30% pelos usu\u00e1rios e os princ\u00edpios da solidariedade, mutualismo e pacto intergeracional\u201d, afirmou o empregado da ativa de S\u00e3o Paulo (SP), Francisco Carlos Pugliesi, um dos candidatos a titular do Conselho de Usu\u00e1rios pela Chapa 1.<\/p>\n<h3><strong>Veja abaixo algumas das propostas da Chapa 1<\/strong><\/h3>\n<ul>\n<li>Defender o modelo de custeio em vigor desde 2004, com 70% das despesas assistenciais pagas pela Caixa e 30% pelos usu\u00e1rios;<\/li>\n<li>Atuar pela revoga\u00e7\u00e3o da CGPAR 42, junto com as representa\u00e7\u00f5es de trabalhadores das estatais;<\/li>\n<li>Defender o Sa\u00fade Caixa para todos para fortalecimento do plano e elimina\u00e7\u00e3o de diferen\u00e7as de tratamento a empregados, independentemente de quando ingressaram na empresa;<\/li>\n<li>Defender a retirada do percentual de 6,5% da folha de pagamento como limite para participa\u00e7\u00e3o da empresa no custeio do estatuto da Caixa;<\/li>\n<li>Exigir da Caixa a apresenta\u00e7\u00e3o regular de relat\u00f3rios atuariais, gerenciais e financeiros do plano;<\/li>\n<li>Atuar em conjunto com as representa\u00e7\u00f5es dos empregados em defesa das propostas aprovadas no Conecef para o Sa\u00fade Caixa;<\/li>\n<li>Buscar junto \u00e0 Caixa solu\u00e7\u00e3o para os problemas do sistema;<\/li>\n<li>Propor a revis\u00e3o dos normativos do Sa\u00fade Caixa para simplificar procedimentos e reduzir a burocracia;<\/li>\n<li>Defender a descentraliza\u00e7\u00e3o do plano com o retorno de estruturas locais (regionais ou estaduais);<\/li>\n<li>Lutar pela restaura\u00e7\u00e3o dos Comit\u00eas de Credenciamento e Descredenciamento por base estadual, buscando ampliar e qualificar a rede credenciada de profissionais e cl\u00ednicas;<\/li>\n<li>Buscar a realiza\u00e7\u00e3o de pesquisa de satisfa\u00e7\u00e3o a fim de avaliar as necessidades dos usu\u00e1rios em termos de atendimento, cobertura e outros pontos;<\/li>\n<li>Agilizar a an\u00e1lise de reembolso para usu\u00e1rios que n\u00e3o tenha a possibilidade de utiliza\u00e7\u00e3o da rede credenciada;<\/li>\n<li>Defender a continuidade de custeio integral pela Caixa das terapias ap\u00f3s retorno do empregado com sequelas f\u00edsicas ou psicol\u00f3gicas, assim como aos aposentados por invalidez.<\/li>\n<\/ul>\n<h3><strong>Veja como votar<\/strong><\/h3>\n<p><strong>&gt;&gt; Internet:<\/strong>\u00a0O votante deve acessar o site do Sa\u00fade Caixa, usar a senha de login do aplicativo do plano, do FGTS ou de outros aplicativos e sites da Caixa. Durante o per\u00edodo de vota\u00e7\u00e3o, 16 a 20 de janeiro, ser\u00e1 disponibilizado um link para a vota\u00e7\u00e3o.<\/p>\n<p><strong>&gt;&gt; Intranet:<\/strong>\u00a0O votante deve usar a mesma matr\u00edcula e senha de login das p\u00e1ginas corporativas em ambiente da rede interna. Durante o per\u00edodo de vota\u00e7\u00e3o ser\u00e1 disponibilizado um link espec\u00edfico para a escolha dos candidatos.<\/p>\n<p>Em caso de d\u00favidas, entre em contato pelo e-mail\u00a0<a href=\"mailto:gesad09@caixa.gov.br\">gesad09@caixa.gov.br<\/a>.<\/p>\n<p><span style=\"text-decoration: underline;\"><strong>Fonte: Contraf-CUT<\/strong><\/span><\/p>\n","protected":false},"excerpt":{"rendered":"<p>Empregadas e empregados da Caixa Econ\u00f4mica Federal escolher\u00e3o, entre 16 e 20 de janeiro, seus representantes no Conselho de Usu\u00e1rios do Sa\u00fade Caixa. Todos os usu\u00e1rios, da ativa e aposentados podem votar (veja abaixo como votar). \u201cO Conselho de Usu\u00e1rios \u00e9 uma importante ferramenta de defesa do Sa\u00fade Caixa e dos interesses dos empregados com [&hellip;]<\/p>\n","protected":false},"author":2,"featured_media":13493,"comment_status":"","ping_status":"","sticky":false,"template":"","format":"standard","meta":{"footnotes":""},"categories":[3],"tags":[],"class_list":["post-13494","post","type-post","status-publish","format-standard","has-post-thumbnail","hentry","category-noticias"],"_links":{"self":[{"href":"https:\/\/hostnetart.com.br\/baixada\/wp-json\/wp\/v2\/posts\/13494","targetHints":{"allow":["GET"]}}],"collection":[{"href":"https:\/\/hostnetart.com.br\/baixada\/wp-json\/wp\/v2\/posts"}],"about":[{"href":"https:\/\/hostnetart.com.br\/baixada\/wp-json\/wp\/v2\/types\/post"}],"author":[{"embeddable":true,"href":"https:\/\/hostnetart.com.br\/baixada\/wp-json\/wp\/v2\/users\/2"}],"replies":[{"embeddable":true,"href":"https:\/\/hostnetart.com.br\/baixada\/wp-json\/wp\/v2\/comments?post=13494"}],"version-history":[{"count":0,"href":"https:\/\/hostnetart.com.br\/baixada\/wp-json\/wp\/v2\/posts\/13494\/revisions"}],"wp:featuredmedia":[{"embeddable":true,"href":"https:\/\/hostnetart.com.br\/baixada\/wp-json\/wp\/v2\/media\/13493"}],"wp:attachment":[{"href":"https:\/\/hostnetart.com.br\/baixada\/wp-json\/wp\/v2\/media?parent=13494"}],"wp:term":[{"taxonomy":"category","embeddable":true,"href":"https:\/\/hostnetart.com.br\/baixada\/wp-json\/wp\/v2\/categories?post=13494"},{"taxonomy":"post_tag","embeddable":true,"href":"https:\/\/hostnetart.com.br\/baixada\/wp-json\/wp\/v2\/tags?post=13494"}],"curies":[{"name":"wp","href":"https:\/\/api.w.org\/{rel}","templated":true}]}}