{"id":13492,"date":"2022-12-19T14:52:29","date_gmt":"2022-12-19T17:52:29","guid":{"rendered":"https:\/\/hostnetart.com.br\/baixada\/combate-a-pobreza-passa-pela-restauracao-de-direitos-e-reconstrucao-do-mercado-de-trabalho-diz-tereza-campello\/"},"modified":"2022-12-19T14:52:29","modified_gmt":"2022-12-19T17:52:29","slug":"combate-a-pobreza-passa-pela-restauracao-de-direitos-e-reconstrucao-do-mercado-de-trabalho-diz-tereza-campello","status":"publish","type":"post","link":"https:\/\/hostnetart.com.br\/baixada\/combate-a-pobreza-passa-pela-restauracao-de-direitos-e-reconstrucao-do-mercado-de-trabalho-diz-tereza-campello\/","title":{"rendered":"Combate \u00e0 pobreza passa pela restaura\u00e7\u00e3o de direitos e reconstru\u00e7\u00e3o do mercado de trabalho, diz Tereza Campello"},"content":{"rendered":"<p>A viabiliza\u00e7\u00e3o do novo programa Bolsa Fam\u00edlia a partir de janeiro \u00e9 apenas uma parte do enfrentamento \u00e0 pobreza, diz a ex-ministra Tereza Campello. \u201cAchar que era s\u00f3 trazer os R$ 600 e est\u00e1 tudo resolvido, como fizeram \u00e0s v\u00e9speras das elei\u00e7\u00f5es, \u00e9 coisa do Bolsonaro\u201d, afirma a economista. Segundo ela, pol\u00edtica p\u00fablica de combate \u00e0 pobreza precisa ter continuidade, estabilidade e crit\u00e9rio. Al\u00e9m disso, grande parte do aumento da pobreza no Brasil tem a ver com o desmonte no mercado de trabalho.<\/p>\n<p>Tereza Campello se refere ao fato de que em apenas um ano, em 2021,\u00a0<a href=\"https:\/\/www.redebrasilatual.com.br\/cidadania\/pobreza-no-brasil-tem-aumento-recorde-atinge-625-milhoes-e-reforca-importancia-da-pec-da-transicao\/\" target=\"_blank\" rel=\"noopener noreferrer\">o n\u00famero de pessoas vivendo em situa\u00e7\u00e3o de pobreza<\/a> no Brasil aumentou 22,7%, para 62,5 milh\u00f5es. E observa que, mesmo quem n\u00e3o est\u00e1 em situa\u00e7\u00e3o de pobreza, sobrevive no limite.<\/p>\n<p>\u201cCom muito gente em trabalho prec\u00e1rio, ou trabalhando menos horas do que gostaria ou trabalhando muito e ganhando pouco. Ent\u00e3o, toda a agenda do enfrentamento ser\u00e1 casada com retomada de direitos trabalhistas, com a reconstru\u00e7\u00e3o do mercado de trabalho\u201d, defende a economista, integrante do grupo do Desenvolvimento Social e Combate \u00e0 Fome no\u00a0<a href=\"https:\/\/www.redebrasilatual.com.br\/tag\/transicao\" target=\"_blank\" rel=\"noopener noreferrer\">Gabinete da Transi\u00e7\u00e3o<\/a>.<\/p>\n<h2 class=\"has-text-color\"><strong>\u201c\u00c9 um debate multidimensional com m\u00faltiplos objetivos, para que o combate \u00e0 fome e a pobreza seja tamb\u00e9m motor do pr\u00f3prio desenvolvimento econ\u00f4mico.\u201d<\/strong><\/h2>\n<p>Para se enfrentar de fato um problema estrutural, como ela explica, \u00e9 preciso um conjunto de pol\u00edticas integradas. \u201c\u00c9 esse conjunto de medidas que est\u00e1 sendo costurado pelo grupo de trabalho do Desenvolvimento Social e Combate \u00e0 Fome. O Bolsa Fam\u00edlia vai ter de voltar a ter condicionalidades. Isto \u00e9, as crian\u00e7as estarem na escola, se alimentarem, terem a vacina\u00e7\u00e3o em dia. Ma tem tamb\u00e9m as outras pol\u00edticas, como as cisternas, Programa de Aquisi\u00e7\u00e3o de Alimentos, s\u00f3 para ficar em alguns que cabem ao nosso grupo\u201d, diz.<\/p>\n<h2><span style=\"text-decoration: underline;\">Imenso mercado interno<\/span><\/h2>\n<p>A economista diz que a quest\u00e3o program\u00e1tica \u00e9 bem maior e envolve um projeto que articule amplia\u00e7\u00e3o do acesso ao alimento n\u00e3o s\u00f3 com Bolsa Fam\u00edlia. Mas com qualifica\u00e7\u00e3o profissional, com acesso a emprego, com sal\u00e1rio m\u00ednimo valorizado. \u201cO enfrentamento \u00e0 pobreza tem esse conjunto de elementos. E olhando o Brasil como um imenso mercado interno. Ent\u00e3o, estamos articulando o combate \u00e0 fome com acesso a alimentos de qualidade, e isso exigir\u00e1 que gente produza melhor. Ao fazer isso estaremos gerando empregos verdes, sustent\u00e1veis\u201d, exemplifica a ex-ministra.<\/p>\n<p>Tereza Campello define que o papel da transi\u00e7\u00e3o, mais que diagnosticar a situa\u00e7\u00e3o e pensar o futuro, \u00e9 desarmar bombas. \u201cE tem um monte de bombas armadas. Por exemplo, quando o governo interrompe o envio de caminh\u00f5es-pipa ao povo do Nordeste, n\u00e3o s\u00e3o baldes que n\u00e3o est\u00e3o sendo enchidos, mas cisternas. O programa de cisternas, se a gente n\u00e3o tomar medidas agora, a partir de abril a gente n\u00e3o pode mais fazer, porque o marco legal acaba. Quer dizer, ele deixou um conjunto de problemas armado. Estamos descobrindo coisas terr\u00edveis.\u201d\u00a0<\/p>\n<figure class=\"wp-block-embed is-type-video is-provider-youtube wp-block-embed-youtube wp-embed-aspect-16-9 wp-has-aspect-ratio\"><\/figure>\n<p><strong>Fonte: Rede Brasil Atual<\/strong><\/p>\n","protected":false},"excerpt":{"rendered":"<p>A viabiliza\u00e7\u00e3o do novo programa Bolsa Fam\u00edlia a partir de janeiro \u00e9 apenas uma parte do enfrentamento \u00e0 pobreza, diz a ex-ministra Tereza Campello. \u201cAchar que era s\u00f3 trazer os R$ 600 e est\u00e1 tudo resolvido, como fizeram \u00e0s v\u00e9speras das elei\u00e7\u00f5es, \u00e9 coisa do Bolsonaro\u201d, afirma a economista. Segundo ela, pol\u00edtica p\u00fablica de combate [&hellip;]<\/p>\n","protected":false},"author":2,"featured_media":13491,"comment_status":"","ping_status":"","sticky":false,"template":"","format":"standard","meta":{"footnotes":""},"categories":[3],"tags":[],"class_list":["post-13492","post","type-post","status-publish","format-standard","has-post-thumbnail","hentry","category-noticias"],"_links":{"self":[{"href":"https:\/\/hostnetart.com.br\/baixada\/wp-json\/wp\/v2\/posts\/13492","targetHints":{"allow":["GET"]}}],"collection":[{"href":"https:\/\/hostnetart.com.br\/baixada\/wp-json\/wp\/v2\/posts"}],"about":[{"href":"https:\/\/hostnetart.com.br\/baixada\/wp-json\/wp\/v2\/types\/post"}],"author":[{"embeddable":true,"href":"https:\/\/hostnetart.com.br\/baixada\/wp-json\/wp\/v2\/users\/2"}],"replies":[{"embeddable":true,"href":"https:\/\/hostnetart.com.br\/baixada\/wp-json\/wp\/v2\/comments?post=13492"}],"version-history":[{"count":0,"href":"https:\/\/hostnetart.com.br\/baixada\/wp-json\/wp\/v2\/posts\/13492\/revisions"}],"wp:featuredmedia":[{"embeddable":true,"href":"https:\/\/hostnetart.com.br\/baixada\/wp-json\/wp\/v2\/media\/13491"}],"wp:attachment":[{"href":"https:\/\/hostnetart.com.br\/baixada\/wp-json\/wp\/v2\/media?parent=13492"}],"wp:term":[{"taxonomy":"category","embeddable":true,"href":"https:\/\/hostnetart.com.br\/baixada\/wp-json\/wp\/v2\/categories?post=13492"},{"taxonomy":"post_tag","embeddable":true,"href":"https:\/\/hostnetart.com.br\/baixada\/wp-json\/wp\/v2\/tags?post=13492"}],"curies":[{"name":"wp","href":"https:\/\/api.w.org\/{rel}","templated":true}]}}