{"id":13490,"date":"2022-12-19T14:43:04","date_gmt":"2022-12-19T17:43:04","guid":{"rendered":"https:\/\/hostnetart.com.br\/baixada\/maria-rita-serrano-lanca-livro-sobre-sua-trajetoria-de-lutas\/"},"modified":"2022-12-19T14:43:04","modified_gmt":"2022-12-19T17:43:04","slug":"maria-rita-serrano-lanca-livro-sobre-sua-trajetoria-de-lutas","status":"publish","type":"post","link":"https:\/\/hostnetart.com.br\/baixada\/maria-rita-serrano-lanca-livro-sobre-sua-trajetoria-de-lutas\/","title":{"rendered":"Maria Rita Serrano lan\u00e7a livro sobre sua trajet\u00f3ria de lutas"},"content":{"rendered":"<p>A conselheira eleita pelos trabalhadores para integrar o Conselho de Administra\u00e7\u00e3o da Caixa,\u00a0<a href=\"https:\/\/www.redebrasilatual.com.br\/autor\/maria-rita-serrano\/\" target=\"_blank\" rel=\"noopener noreferrer\">Maria Rita Serrano<\/a>, lan\u00e7ou neste s\u00e1bado (10) seu novo livro\u00a0<em>Rompendo Barreiras<\/em>. A obra reconstr\u00f3i sua trajet\u00f3ria de sua vida, e recupera eventos importantes da pol\u00edtica regional e nacional. \u201c\u00c9 o terceiro livro que lan\u00e7o. Resgatei um pouco a constru\u00e7\u00e3o da minha hist\u00f3ria como militante das causas sociais. Primeira presidenta do\u00a0<a href=\"https:\/\/www.bancariosabc.org.br\/\" target=\"_blank\" rel=\"noopener noreferrer\">Sindicato dos Banc\u00e1rios do ABC<\/a>, em 1994, e vice-prefeita de Rio Grande da Serra\u201d, relata.<\/p>\n<p>Rita lembra que \u00e9 historiadora de forma\u00e7\u00e3o, mas \u201cbanc\u00e1ria de profiss\u00e3o\u201d. \u201cMeus \u00faltimos livros tiveram um cunho mais hist\u00f3rico. J\u00e1 esse comecei a escrever na pandemia. Em todos n\u00f3s, a covid-19 trouxe a sensa\u00e7\u00e3o da efemeridade da vida. Como ela pode ser curta, r\u00e1pida e nos fez parar para refletir sobre nossa hist\u00f3ria\u201d, relata em entrevista a Rafael Garcia, da\u00a0<strong>R\u00e1dio Brasil Atual.<\/strong>\u00a0\u201cTamb\u00e9m durante anos trabalhei em ONGs com jovens infratores, tentei resgatar tudo isso, essa hist\u00f3ria\u201d, completou.<\/p>\n<p>A banc\u00e1ria ingressou na Caixa aos 20 anos, em 1989. O lan\u00e7amento ocorreu neste s\u00e1bado, com um sarau na sede do Sindicato dos Banc\u00e1rios do ABC e seu livro\u00a0<em>Rompendo Barreiras<\/em>\u00a0estar\u00e1 dispon\u00edvel em plataformas digitais em vers\u00e3o e-book.<\/p>\n<h2><span style=\"text-decoration: underline;\">Representatividade<\/span><\/h2>\n<p>Rita conta que sua trajet\u00f3ria tem rela\u00e7\u00e3o com a resili\u00eancia contra o machismo . \u201cAproveito para deixar v\u00e1rias mensagens. Primeiramente, barreiras que n\u00f3s mulheres enfrentamos para entrar em espa\u00e7os p\u00fablicos. Machismo, toda essa sociedade patriarcal que ganhou uma cara mais dura durante o governo de Jair Bolsonaro. Tamb\u00e9m tentei resgatar como formamos nossa opini\u00e3o cr\u00edtica a ponto de nos fazer termos paix\u00e3o em tentar mudar o mundo\u201d, disse.<\/p>\n<p>Seu livro re\u00fane ainda uma sele\u00e7\u00e3o de artigos sobre a defesa da Caixa e das empresas p\u00fablicas. Coordenadora do Comit\u00ea em Defesa das Empresas P\u00fablicas, ela relata a experi\u00eancia da participa\u00e7\u00e3o dos trabalhadores em espa\u00e7os como este. Sobretudo, a import\u00e2ncia da participa\u00e7\u00e3o de mulheres.<\/p>\n<p>A hist\u00f3ria de Rita tamb\u00e9m passa por seu entusiasmo na cria\u00e7\u00e3o da\u00a0<strong>TVT<\/strong>, da\u00a0<strong>R\u00e1dio Brasil Atual<\/strong>\u00a0e da\u00a0<strong>RBA<\/strong>\u00a0e\u00a0<strong>Revista do Brasil<\/strong>. \u201cV\u00e1rias vezes falamos da import\u00e2ncia da constru\u00e7\u00e3o de uma\u00a0<a href=\"https:\/\/www.redebrasilatual.com.br\/cidadania\/tvt-radio-brasil-atual-rba-faca-parte-rede-comunicacao-democratica\/\" target=\"_blank\" rel=\"noopener noreferrer\">TV dos trabalhadores<\/a>, de canais de comunica\u00e7\u00e3o voltados para os trabalhadores. Isso, para sairmos do oligop\u00f3lio conservador que domina a comunica\u00e7\u00e3o. Ent\u00e3o, essa hist\u00f3ria \u00e9 parte da minha trajet\u00f3ria no sindicato.\u201d\u00a0<\/p>\n<figure class=\"wp-block-embed is-type-video is-provider-youtube wp-block-embed-youtube wp-embed-aspect-16-9 wp-has-aspect-ratio\"><\/figure>\n<p><strong>Fonte: Rede Brasil Atual<\/strong><\/p>\n","protected":false},"excerpt":{"rendered":"<p>A conselheira eleita pelos trabalhadores para integrar o Conselho de Administra\u00e7\u00e3o da Caixa,\u00a0Maria Rita Serrano, lan\u00e7ou neste s\u00e1bado (10) seu novo livro\u00a0Rompendo Barreiras. A obra reconstr\u00f3i sua trajet\u00f3ria de sua vida, e recupera eventos importantes da pol\u00edtica regional e nacional. \u201c\u00c9 o terceiro livro que lan\u00e7o. Resgatei um pouco a constru\u00e7\u00e3o da minha hist\u00f3ria como [&hellip;]<\/p>\n","protected":false},"author":2,"featured_media":13489,"comment_status":"","ping_status":"","sticky":false,"template":"","format":"standard","meta":{"footnotes":""},"categories":[3],"tags":[],"class_list":["post-13490","post","type-post","status-publish","format-standard","has-post-thumbnail","hentry","category-noticias"],"_links":{"self":[{"href":"https:\/\/hostnetart.com.br\/baixada\/wp-json\/wp\/v2\/posts\/13490","targetHints":{"allow":["GET"]}}],"collection":[{"href":"https:\/\/hostnetart.com.br\/baixada\/wp-json\/wp\/v2\/posts"}],"about":[{"href":"https:\/\/hostnetart.com.br\/baixada\/wp-json\/wp\/v2\/types\/post"}],"author":[{"embeddable":true,"href":"https:\/\/hostnetart.com.br\/baixada\/wp-json\/wp\/v2\/users\/2"}],"replies":[{"embeddable":true,"href":"https:\/\/hostnetart.com.br\/baixada\/wp-json\/wp\/v2\/comments?post=13490"}],"version-history":[{"count":0,"href":"https:\/\/hostnetart.com.br\/baixada\/wp-json\/wp\/v2\/posts\/13490\/revisions"}],"wp:featuredmedia":[{"embeddable":true,"href":"https:\/\/hostnetart.com.br\/baixada\/wp-json\/wp\/v2\/media\/13489"}],"wp:attachment":[{"href":"https:\/\/hostnetart.com.br\/baixada\/wp-json\/wp\/v2\/media?parent=13490"}],"wp:term":[{"taxonomy":"category","embeddable":true,"href":"https:\/\/hostnetart.com.br\/baixada\/wp-json\/wp\/v2\/categories?post=13490"},{"taxonomy":"post_tag","embeddable":true,"href":"https:\/\/hostnetart.com.br\/baixada\/wp-json\/wp\/v2\/tags?post=13490"}],"curies":[{"name":"wp","href":"https:\/\/api.w.org\/{rel}","templated":true}]}}