{"id":13480,"date":"2022-12-15T12:17:33","date_gmt":"2022-12-15T15:17:33","guid":{"rendered":"https:\/\/hostnetart.com.br\/baixada\/tse-lanca-cartilha-expressoes-racistas-por-que-evita-las\/"},"modified":"2022-12-15T12:17:33","modified_gmt":"2022-12-15T15:17:33","slug":"tse-lanca-cartilha-expressoes-racistas-por-que-evita-las","status":"publish","type":"post","link":"https:\/\/hostnetart.com.br\/baixada\/tse-lanca-cartilha-expressoes-racistas-por-que-evita-las\/","title":{"rendered":"TSE lan\u00e7a cartilha \u201cExpress\u00f5es racistas: por que evit\u00e1-las\u201d"},"content":{"rendered":"<p>O Tribunal Superior Eleitoral (TSE) publicou a cartilha\u00a0<em>Express\u00f5es racistas: por que evit\u00e1-las<\/em>, que traz uma lista de 40 termos e express\u00f5es que n\u00e3o devem ser usados pelas brasileiras e brasileiros, em sua linguagem cotidiana ou formal, por seu teor racista e ofensivo. A publica\u00e7\u00e3o foi produzida pela Comiss\u00e3o de Promo\u00e7\u00e3o de Igualdade Racial do TSE, institu\u00edda em mar\u00e7o, para combater o preconceito racial na Justi\u00e7a Eleitoral.<\/p>\n<p>Na apresenta\u00e7\u00e3o, o ministro Benedito Gon\u00e7alves, coordenador institucional da Comiss\u00e3o, diz que o material \u201cvisa promover a mudan\u00e7a de h\u00e1bitos e comportamentos nas pessoas e facilitar a exclus\u00e3o de express\u00f5es idiom\u00e1ticas que possam embutir preconceito racial\u201d. Para facilitar que esse objetivo seja alcan\u00e7ado, a cartilha explica o motivo pelo qual cada uma das express\u00f5es possui conota\u00e7\u00e3o racista.<\/p>\n<h3><strong>Racismo escancarado<\/strong><\/h3>\n<p>Um exemplo muito comum \u00e9 a palavra \u201cescravo\u201d. Conforme a explica\u00e7\u00e3o, a palavra certamente deriva do termo latino \u201c<em>sclavus<\/em>, ou seja, pessoa que pertence a outra, ou de\u00a0<em>slavus<\/em>, isto \u00e9, eslava ou eslavo, um povo bastante escravizado na antiguidade\u201d.<\/p>\n<p>Outro ponto fundamental apontado \u00e9 que \u201cos termos escrava e escravo passam a ideia de que a pessoa j\u00e1 nasceu sem liberdade, como algo inato \u00e0 sua condi\u00e7\u00e3o, ignorando o fato de que as africanas e os africanos foram trazidos(as) ao Brasil e for\u00e7ados(as) a trabalhar nessa condi\u00e7\u00e3o\u201d. Assim, como se explica na cartilha, \u201ca palavra mais adequada para designar essa condi\u00e7\u00e3o seria \u2018escravizado(a)\u2019\u201d.<\/p>\n<h3><strong>Racismo escondido<\/strong><\/h3>\n<p>Em outros casos, por\u00e9m, \u201c\u00e0 primeira vista, n\u00e3o h\u00e1 nada de errado com a palavra e seu uso, contudo embute-se nela o racismo a partir do instante em que transmite a ideia de que a compreens\u00e3o de algo s\u00f3 pode ocorrer sob as b\u00ean\u00e7\u00e3os da claridade, da branquitude, mantendo no campo da d\u00favida e do desconhecimento as coisas negras\u201d. Esse \u00e9 o caso de \u201cesclarecer\u201d, que, conforme a publica\u00e7\u00e3o do TSE, \u201cmais adequado, nessas circunst\u00e2ncias, seria o uso das palavras \u2018explicar\u2019 ou \u2018elucidar\u2019, por exemplo\u201d.<\/p>\n<p>In\u00fameros outros termos s\u00e3o usados sem que a pessoa que os pronuncia sequer note que est\u00e1 difundindo um conte\u00fado preconceituoso e racista. Entre eles, est\u00e3o \u201chumor negro\u201d (quando o mais adequado seria humor \u00e1cido), \u201cdenegrir\u201d (difamar ou caluniar), \u201ccabelo ruim\u201d (cabelos crespos) e \u201ca coisa t\u00e1 preta\u201d (a situa\u00e7\u00e3o est\u00e1 dif\u00edcil).<\/p>\n<h3><strong>Racismo estrutural<\/strong><\/h3>\n<p>Para o secret\u00e1rio de Combate ao Racismo da Confedera\u00e7\u00e3o Nacional dos Trabalhadores do Ramo Financeiro (Contraf-CUT), Almir Aguiar, o lan\u00e7amento de uma cartilha como essa \u201c\u00e9 fundamental para o avan\u00e7o social no Brasil, porque se trata de uma publica\u00e7\u00e3o de Estado, que n\u00e3o apenas reconhece um problema s\u00e9rio que se verifica de norte a sul do pa\u00eds, mas tamb\u00e9m porque mostra a origem desse preconceito, argumenta contra ele e apresenta solu\u00e7\u00f5es\u201d.<\/p>\n<p>Almir, que tamb\u00e9m \u00e9 militante do Movimento Negro Unificado (MNU), ressalta ainda que \u201ca cartilha mostra o quanto o racismo \u00e9 estrutural no Brasil e se manifesta de modo sist\u00eamico, at\u00e9 mesmo na fala de pessoas que muitas vezes n\u00e3o t\u00eam essa inten\u00e7\u00e3o, mas acabam difundindo preconceitos. Por isso, todos devem conhecer esses termos e evit\u00e1-los, para reduzir a reprodu\u00e7\u00e3o da discrimina\u00e7\u00e3o racial\u201d.<\/p>\n<p>A publica\u00e7\u00e3o dever\u00e1 ter novas vers\u00f5es no futuro, por isso, quem conhecer algum termo racista que n\u00e3o esteja nela poder\u00e1 encaminh\u00e1-lo \u00e0 comiss\u00e3o respons\u00e1vel por sua realiza\u00e7\u00e3o, para que seja inclu\u00eddo em edi\u00e7\u00f5es futura, pelo e-mail\u00a0<a href=\"mailto:nid@tse.jus.br\" target=\"_blank\" rel=\"noopener noreferrer\">nid@tse.jus.br<\/a>.<\/p>\n<p>Acesse aqui a cartilha\u00a0<a href=\"https:\/\/contrafcut.com.br\/wp-content\/uploads\/2022\/12\/expressoes-racistas-por-que-evitalas.pdf\" target=\"_blank\" rel=\"noopener noreferrer\"><em>Express\u00f5es racistas: por que evit\u00e1-las<\/em><\/a>, em PDF, ou diretamente na\u00a0<a href=\"https:\/\/bibliotecadigital.tse.jus.br\/xmlui\/handle\/bdtse\/11048\" target=\"_blank\" rel=\"noopener noreferrer\">biblioteca digital do TSE<\/a>.<\/p>\n<h3><strong>Os termos<\/strong><\/h3>\n<p>Confira as palavras e express\u00f5es, usadas com frequ\u00eancia no cotidiano brasileiro, mas que devem ser abolidas por causa de seu cunho racista, de acordo com a cartilha\u00a0<em>Express\u00f5es racistas: por que evit\u00e1-las<\/em>, do TSE.<\/p>\n<p>1- A coisa t\u00e1 preta<br \/>2- Barriga suja<br \/>3- Bo\u00e7al<br \/>4- Cabelo ruim<br \/>5- Chuta que \u00e9 macumba!<br \/>6- Cor de pele<br \/>7- Criado-mudo<br \/>8- Crioulo<br \/>9- Da cor do pecado<br \/>10- Denegrir<br \/>11- Dia de branco<br \/>12- Disputar a negra<br \/>13- Esclarecer<br \/>14- Escravo<br \/>15- Estampa \u00e9tnica<br \/>16- Feito nas coxas<br \/>17- Galinha de macumba<br \/>18- Humor negro<br \/>19- Inhaca<br \/>20- Inveja branca<br \/>21- Lista negra<br \/>22- Macumbeiro<br \/>23- Magia negra<br \/>24- Meia-tigela\/de meia tigela<br \/>25- Mercado negro<br \/>26- Mulata<br \/>27- Mulata tipo exporta\u00e7\u00e3o<br \/>28- N\u00e3o sou tuas negas!<br \/>29- Nasceu com um p\u00e9 na cozinha<br \/>30- Nega maluca<br \/>31- Negra com tra\u00e7os finos<br \/>32- Negra de beleza ex\u00f3tica<br \/>33- Negra de alma branca<br \/>34- Ovelha negra<br \/>35- Preto de alma branca<br \/>36- Quando n\u00e3o est\u00e1 preso est\u00e1 armado<br \/>37- Samba de crioulo doido<br \/>38- Servi\u00e7o de preto<br \/>39- Teta de nega<br \/>40- Volta pro mar, oferenda!<\/p>\n<p><strong>Fonte: Contraf-CUT<\/strong><\/p>\n","protected":false},"excerpt":{"rendered":"<p>O Tribunal Superior Eleitoral (TSE) publicou a cartilha\u00a0Express\u00f5es racistas: por que evit\u00e1-las, que traz uma lista de 40 termos e express\u00f5es que n\u00e3o devem ser usados pelas brasileiras e brasileiros, em sua linguagem cotidiana ou formal, por seu teor racista e ofensivo. A publica\u00e7\u00e3o foi produzida pela Comiss\u00e3o de Promo\u00e7\u00e3o de Igualdade Racial do TSE, [&hellip;]<\/p>\n","protected":false},"author":2,"featured_media":13479,"comment_status":"","ping_status":"","sticky":false,"template":"","format":"standard","meta":{"footnotes":""},"categories":[3],"tags":[],"class_list":["post-13480","post","type-post","status-publish","format-standard","has-post-thumbnail","hentry","category-noticias"],"_links":{"self":[{"href":"https:\/\/hostnetart.com.br\/baixada\/wp-json\/wp\/v2\/posts\/13480","targetHints":{"allow":["GET"]}}],"collection":[{"href":"https:\/\/hostnetart.com.br\/baixada\/wp-json\/wp\/v2\/posts"}],"about":[{"href":"https:\/\/hostnetart.com.br\/baixada\/wp-json\/wp\/v2\/types\/post"}],"author":[{"embeddable":true,"href":"https:\/\/hostnetart.com.br\/baixada\/wp-json\/wp\/v2\/users\/2"}],"replies":[{"embeddable":true,"href":"https:\/\/hostnetart.com.br\/baixada\/wp-json\/wp\/v2\/comments?post=13480"}],"version-history":[{"count":0,"href":"https:\/\/hostnetart.com.br\/baixada\/wp-json\/wp\/v2\/posts\/13480\/revisions"}],"wp:featuredmedia":[{"embeddable":true,"href":"https:\/\/hostnetart.com.br\/baixada\/wp-json\/wp\/v2\/media\/13479"}],"wp:attachment":[{"href":"https:\/\/hostnetart.com.br\/baixada\/wp-json\/wp\/v2\/media?parent=13480"}],"wp:term":[{"taxonomy":"category","embeddable":true,"href":"https:\/\/hostnetart.com.br\/baixada\/wp-json\/wp\/v2\/categories?post=13480"},{"taxonomy":"post_tag","embeddable":true,"href":"https:\/\/hostnetart.com.br\/baixada\/wp-json\/wp\/v2\/tags?post=13480"}],"curies":[{"name":"wp","href":"https:\/\/api.w.org\/{rel}","templated":true}]}}