{"id":13478,"date":"2022-12-14T11:40:57","date_gmt":"2022-12-14T14:40:57","guid":{"rendered":"https:\/\/hostnetart.com.br\/baixada\/aloizio-mercadante-sera-presidente-do-bndes\/"},"modified":"2022-12-14T11:40:57","modified_gmt":"2022-12-14T14:40:57","slug":"aloizio-mercadante-sera-presidente-do-bndes","status":"publish","type":"post","link":"https:\/\/hostnetart.com.br\/baixada\/aloizio-mercadante-sera-presidente-do-bndes\/","title":{"rendered":"Aloizio Mercadante ser\u00e1 presidente do BNDES"},"content":{"rendered":"<p>O presidente eleito Luiz In\u00e1cio Lula da Silva anunciou que o ex-ministro Aloizio Mercadante, coordenador dos grupos t\u00e9cnicos do\u00a0<a href=\"https:\/\/www.redebrasilatual.com.br\/tag\/transicao\" target=\"_blank\" rel=\"noopener noreferrer\">Gabinete de Transi\u00e7\u00e3o<\/a>, ser\u00e1 o novo presidente do Banco Nacional de Desenvolvimento Econ\u00f4mico e Social, o BNDES. \u201cOuvi algumas cr\u00edticas sobre boatos de que voc\u00ea vai ser o presidente do BNDES. Eu queria dizer pra voc\u00eas que n\u00e3o \u00e9 mais boato: Aloizio Mercadante ser\u00e1 presidente do BNDES\u201d, afirmou Lula.<\/p>\n<p>\u201cN\u00f3s estamos precisando de algu\u00e9m que pense em desenvolvimento, em reindustrializar este pa\u00eds. Que pense em inova\u00e7\u00e3o tecnol\u00f3gica. Em algu\u00e9m que pense na gera\u00e7\u00e3o de financiamento ao pequeno, ao grande e ao m\u00e9dio empres\u00e1rio para que este pa\u00eds volte a gerar emprego\u201d, disse Lula, provocando os setores da imprensa que costumam reproduzir uma suposta voz cr\u00edtica do \u201cmercado\u201d.<\/p>\n<p>As supostas ressalvas do mercado financeiro ao nome de Aloizio Mercadante no BNDES est\u00e3o associadas a seu papel de peso no governo Dilma Rousseff. Mercadante foi ministro da Educa\u00e7\u00e3o, da Ci\u00eancia e Tecnologia e da Casa Civil de Dilma. Os opositores do PT sempre preferem lembrar das dificuldades sofridas pela gest\u00e3o da ex-presidente dos resultados dos governos Lula.<\/p>\n<p>Mas o presidente eleito fez quest\u00e3o de provocar. \u201cEu queria dizer ao glorioso mercado, que muitas vezes parece invis\u00edvel: ao tentarem julgar o que estamos fazendo, digam se em algum momento da vida do mercado brasileiro ganharam tanto dinheiro como no meu tempo. Pergunte ao agroneg\u00f3cio, aos empres\u00e1rios da ind\u00fastria, aos banqueiros, se ganharam tanto\u201d, desafiou.<\/p>\n<p>E emendou: \u201cMas tamb\u00e9m perguntem aos banc\u00e1rios, aos comerci\u00e1rios, \u00e0s pessoas que ganham sal\u00e1rio m\u00ednimo. Porque n\u00f3s provamos que \u00e9 poss\u00edvel governar para todos de verdade. O crescimento do PIB n\u00e3o \u00e9 um n\u00famero para ser usado em manchete e s\u00f3 tem sentido se a gente distribuir com aqueles que produziram o crescimento, que \u00e9 o povo trabalhador\u201d.<\/p>\n<h2><span style=\"text-decoration: underline;\">Fim da transi\u00e7\u00e3o<\/span><\/h2>\n<p>O presidente eleito fez o an\u00fancio ao final do ato de\u00a0<a href=\"https:\/\/www.redebrasilatual.com.br\/politica\/confira-todos-os-nomes-equipe-transicao-completa\/\" target=\"_blank\" rel=\"noopener noreferrer\">encerramento dos trabalhos<\/a>\u00a0do Gabinete de Transi\u00e7\u00e3o de governo, na tarde desta ter\u00e7a-feira (13). Lula recebeu os relat\u00f3rios de todos os grupos t\u00e9cnicos com diagn\u00f3sticos da situa\u00e7\u00e3o do pa\u00eds, que servir\u00e3o de base para sua equipe de governo.<\/p>\n<p>S\u00e3o propostas para \u201c<a href=\"https:\/\/www.redebrasilatual.com.br\/economia\/combate-pobreza-restauracao-de-direitos-reconstrucao-mercado-trabalho\/\" target=\"_blank\" rel=\"noopener noreferrer\">desarmar as bombas<\/a>\u201d deixadas pelo atual governo e de a\u00e7\u00f5es para os 100 primeiros dias de gest\u00e3o. Os relat\u00f3rios ser\u00e3o endossados ou revistos pelos ministros e reapresentados ao presidente que tomar\u00e1\u00a0<a href=\"https:\/\/www.redebrasilatual.com.br\/politica\/posse-de-lula-deve-reunir-300-mil-em-brasilia-e-ter-acoes-de-inclusao\/\" target=\"_blank\" rel=\"noopener noreferrer\">posse em 1\u00ba de janeiro<\/a>.<\/p>\n<p>Lula enfatizou a import\u00e2ncia da recupera\u00e7\u00e3o das pastas da Educa\u00e7\u00e3o e da Sa\u00fade, que considera vitais para a qualidade de vida e foram abandonadas pelo governo que termina.<\/p>\n<p>Disse ainda, ao enfatizar as raz\u00f5es para a ida de Alozio Mercadante ao BNDES, que pretende encerrar a era das privatiza\u00e7\u00f5es. \u201cVamos fazer o povo acreditar que neste pa\u00eds acabou o complexo de vira-lata. N\u00e3o somos inferiores a ningu\u00e9m, somos iguais a todo mundo e queremos ser donos de nosso territ\u00f3rio. V\u00e3o acabar a privatiza\u00e7\u00f5es. E as empresas p\u00fablicas v\u00e3o poder provar sua rentabilidade.\u201d<\/p>\n<p>O presidente eleito convidou o capitalismo global a investir no Brasil. \u201cE n\u00f3s queremos dizer ao mundo inteiro: quem quiser vir para c\u00e1, venha. Porque tem trabalho, tem projetos novos para investimentos. Mas n\u00e3o venha para comprar nossas empresas p\u00fablicas, porque n\u00e3o estar\u00e3o \u00e0 venda. Nosso pa\u00eds vai voltar ser respeitado, e com soberania.\u201d<\/p>\n<p>O novo governo pretende restaurar a respeitabilidade do Brasil no mundo. \u201cEu vou come\u00e7ar a viajar logo que eu tomar posse, porque \u00e9 preciso recuperar o prest\u00edgio que o Brasil tinha. Nos Estados Unidos, na China, na Alemanha, na Fran\u00e7a, na Argentina, em qualquer parte do mundo. E quem quiser ganhar dinheiro venha para este pa\u00eds. Venha investir porque tem espa\u00e7o para todo mundo.\u201d<\/p>\n<h2><span style=\"text-decoration: underline;\">Pode cobrar<\/span><\/h2>\n<p>Lula pediu ainda para ser cobrado pelos compromissos assumidos e assinalou o per\u00edodo de quatro anos de governo. \u201cMe cobrem, porque este pa\u00eds n\u00e3o pode retroceder. Vai ter que avan\u00e7ar, e o povo vai ter que ter prazer de ser governado outra vez pelo PT e os partido aliados.\u201d<\/p>\n<p>Ao abrir o ato de entrega dos relat\u00f3rios, em entes de ser anunciado para presidir o BNDES, Aloizio Mercadante ressaltou que o programa de governo da coliga\u00e7\u00e3o Brasil da Esperan\u00e7a teve ampla participa\u00e7\u00e3o da sociedade e de diversos partidos. Mercadante foi um dos principais coordenadores da elabora\u00e7\u00e3o do programa, como presidente da Funda\u00e7\u00e3o Perseu Abramo, bra\u00e7o acad\u00eamico do PT.<\/p>\n<p>Economista, foi deputado federal e senador. Disputou a elei\u00e7\u00e3o presidencial de 1998 como vice da chapa de Lula.<\/p>\n<p>O Banco Nacional de Desenvolvimento Econ\u00f4mico foi criado em 1952 pelo governo de Getulio Vargas. Ganhou o \u201cS\u201d de Social na sigla e na concep\u00e7\u00e3o, com o objetivo de fomentar, por meio de concess\u00e3o de cr\u00e9ditos a taxas inferiores ao mercado convencional, o est\u00edmulo \u00e0s empresas de de todos os portes.<\/p>\n<p><strong>Fonte: Rede Brasil Atual<\/strong><\/p>\n","protected":false},"excerpt":{"rendered":"<p>O presidente eleito Luiz In\u00e1cio Lula da Silva anunciou que o ex-ministro Aloizio Mercadante, coordenador dos grupos t\u00e9cnicos do\u00a0Gabinete de Transi\u00e7\u00e3o, ser\u00e1 o novo presidente do Banco Nacional de Desenvolvimento Econ\u00f4mico e Social, o BNDES. \u201cOuvi algumas cr\u00edticas sobre boatos de que voc\u00ea vai ser o presidente do BNDES. Eu queria dizer pra voc\u00eas que [&hellip;]<\/p>\n","protected":false},"author":2,"featured_media":13477,"comment_status":"","ping_status":"","sticky":false,"template":"","format":"standard","meta":{"footnotes":""},"categories":[3],"tags":[],"class_list":["post-13478","post","type-post","status-publish","format-standard","has-post-thumbnail","hentry","category-noticias"],"_links":{"self":[{"href":"https:\/\/hostnetart.com.br\/baixada\/wp-json\/wp\/v2\/posts\/13478","targetHints":{"allow":["GET"]}}],"collection":[{"href":"https:\/\/hostnetart.com.br\/baixada\/wp-json\/wp\/v2\/posts"}],"about":[{"href":"https:\/\/hostnetart.com.br\/baixada\/wp-json\/wp\/v2\/types\/post"}],"author":[{"embeddable":true,"href":"https:\/\/hostnetart.com.br\/baixada\/wp-json\/wp\/v2\/users\/2"}],"replies":[{"embeddable":true,"href":"https:\/\/hostnetart.com.br\/baixada\/wp-json\/wp\/v2\/comments?post=13478"}],"version-history":[{"count":0,"href":"https:\/\/hostnetart.com.br\/baixada\/wp-json\/wp\/v2\/posts\/13478\/revisions"}],"wp:featuredmedia":[{"embeddable":true,"href":"https:\/\/hostnetart.com.br\/baixada\/wp-json\/wp\/v2\/media\/13477"}],"wp:attachment":[{"href":"https:\/\/hostnetart.com.br\/baixada\/wp-json\/wp\/v2\/media?parent=13478"}],"wp:term":[{"taxonomy":"category","embeddable":true,"href":"https:\/\/hostnetart.com.br\/baixada\/wp-json\/wp\/v2\/categories?post=13478"},{"taxonomy":"post_tag","embeddable":true,"href":"https:\/\/hostnetart.com.br\/baixada\/wp-json\/wp\/v2\/tags?post=13478"}],"curies":[{"name":"wp","href":"https:\/\/api.w.org\/{rel}","templated":true}]}}