{"id":13476,"date":"2022-12-14T11:38:26","date_gmt":"2022-12-14T14:38:26","guid":{"rendered":"https:\/\/hostnetart.com.br\/baixada\/funcionarios-do-bndes-aprovam-proposta-de-act\/"},"modified":"2022-12-14T11:38:26","modified_gmt":"2022-12-14T14:38:26","slug":"funcionarios-do-bndes-aprovam-proposta-de-act","status":"publish","type":"post","link":"https:\/\/hostnetart.com.br\/baixada\/funcionarios-do-bndes-aprovam-proposta-de-act\/","title":{"rendered":"Funcion\u00e1rios do BNDES aprovam proposta de ACT"},"content":{"rendered":"<p>Os funcion\u00e1rios do Sistema BNDES, que inclui, al\u00e9m do banco, as subsidi\u00e1rias BNDESPAR e Finame, aprovaram em assembleia, realizada por vota\u00e7\u00e3o online nesta segunda-feira (12), a proposta de Acordo Coletivo de Trabalho (ACT), com 1.054 votos, ou 56% do total.<\/p>\n<p>O BNDES \u00e9 o \u00fanico banco que ainda n\u00e3o assinou o acordo com seus funcion\u00e1rios. A institui\u00e7\u00e3o agiu com grande intransig\u00eancia durante toda a campanha salarial dos banc\u00e1rios, sempre buscando retirar direitos adquiridos ao longo de d\u00e9cadas de luta dos funcion\u00e1rios, at\u00e9 que a negocia\u00e7\u00e3o foi levada \u00e0 media\u00e7\u00e3o do Tribunal Superior do Trabalho (TST).<\/p>\n<p>A proposta contempla os termos da Conven\u00e7\u00e3o Coletiva de Trabalho (CCT) da categoria banc\u00e1ria, assinada este ano com a Federa\u00e7\u00e3o Nacional dos Bancos (Fenaban), com validade para o per\u00edodo de 2022-2024. Para 2022, o acordo prev\u00ea reajuste de 8% retroativo a setembro, e para 2023 a corre\u00e7\u00e3o ser\u00e1 pelo \u00cdndice Nacional de Pre\u00e7os ao Consumidor (INPC), mais aumento real de 0,5% \u2013 condicionado aos resultados do grupo de trabalho (GT) espec\u00edfico para estudo sobre o plano de sa\u00fade, oferecido a funcion\u00e1rios, aposentados e seus dependentes, como definido no par\u00e1grafo 4\u00ba da cl\u00e1usula 32 do ACT.\u00a0<a href=\"https:\/\/contrafcut.com.br\/noticias\/bancarios-arrancam-proposta-com-conquistas\/?swcfpc=1\" target=\"_blank\" rel=\"noopener noreferrer\">Conhe\u00e7a aqui detalhes da CCT da categoria<\/a>. Tamb\u00e9m est\u00e1 prevista a cl\u00e1usula p\u00f3s-emprego, antiga reivindica\u00e7\u00e3o do funcionalismo.<\/p>\n<p>As entidades sindicais, associa\u00e7\u00f5es de funcion\u00e1rios e a Confedera\u00e7\u00e3o Nacional dos Trabalhadores do Ramo Financeiro (Contraf-CUT), que representaram os funcion\u00e1rios nas negocia\u00e7\u00f5es, divulgar\u00e3o em breve o resultado final por entidade sindical e os votos em separado. Na assembleia, tamb\u00e9m foi aprovada a contribui\u00e7\u00e3o negocial de fortalecimento das entidades sindicais.<\/p>\n<p>O vice-presidente da Contraf, Vin\u00edcius Assump\u00e7\u00e3o, que participou de todas as conversas com o BNDES, afirmou que \u201cessa foi uma vit\u00f3ria importante, numa negocia\u00e7\u00e3o longa e muito dif\u00edcil, que exigiu grande participa\u00e7\u00e3o dos trabalhadores e empenho de suas entidades de representa\u00e7\u00e3o\u201d.<\/p>\n<p><strong>Fonte: Contraf-CUT<\/strong><\/p>\n","protected":false},"excerpt":{"rendered":"<p>Os funcion\u00e1rios do Sistema BNDES, que inclui, al\u00e9m do banco, as subsidi\u00e1rias BNDESPAR e Finame, aprovaram em assembleia, realizada por vota\u00e7\u00e3o online nesta segunda-feira (12), a proposta de Acordo Coletivo de Trabalho (ACT), com 1.054 votos, ou 56% do total. O BNDES \u00e9 o \u00fanico banco que ainda n\u00e3o assinou o acordo com seus funcion\u00e1rios. [&hellip;]<\/p>\n","protected":false},"author":2,"featured_media":13475,"comment_status":"","ping_status":"","sticky":false,"template":"","format":"standard","meta":{"footnotes":""},"categories":[3],"tags":[],"class_list":["post-13476","post","type-post","status-publish","format-standard","has-post-thumbnail","hentry","category-noticias"],"_links":{"self":[{"href":"https:\/\/hostnetart.com.br\/baixada\/wp-json\/wp\/v2\/posts\/13476","targetHints":{"allow":["GET"]}}],"collection":[{"href":"https:\/\/hostnetart.com.br\/baixada\/wp-json\/wp\/v2\/posts"}],"about":[{"href":"https:\/\/hostnetart.com.br\/baixada\/wp-json\/wp\/v2\/types\/post"}],"author":[{"embeddable":true,"href":"https:\/\/hostnetart.com.br\/baixada\/wp-json\/wp\/v2\/users\/2"}],"replies":[{"embeddable":true,"href":"https:\/\/hostnetart.com.br\/baixada\/wp-json\/wp\/v2\/comments?post=13476"}],"version-history":[{"count":0,"href":"https:\/\/hostnetart.com.br\/baixada\/wp-json\/wp\/v2\/posts\/13476\/revisions"}],"wp:featuredmedia":[{"embeddable":true,"href":"https:\/\/hostnetart.com.br\/baixada\/wp-json\/wp\/v2\/media\/13475"}],"wp:attachment":[{"href":"https:\/\/hostnetart.com.br\/baixada\/wp-json\/wp\/v2\/media?parent=13476"}],"wp:term":[{"taxonomy":"category","embeddable":true,"href":"https:\/\/hostnetart.com.br\/baixada\/wp-json\/wp\/v2\/categories?post=13476"},{"taxonomy":"post_tag","embeddable":true,"href":"https:\/\/hostnetart.com.br\/baixada\/wp-json\/wp\/v2\/tags?post=13476"}],"curies":[{"name":"wp","href":"https:\/\/api.w.org\/{rel}","templated":true}]}}