{"id":13474,"date":"2022-12-14T11:35:29","date_gmt":"2022-12-14T14:35:29","guid":{"rendered":"https:\/\/hostnetart.com.br\/baixada\/projeto-que-ameaca-direito-de-greve-dos-bancarios-volta-a-pauta\/"},"modified":"2022-12-14T11:35:29","modified_gmt":"2022-12-14T14:35:29","slug":"projeto-que-ameaca-direito-de-greve-dos-bancarios-volta-a-pauta","status":"publish","type":"post","link":"https:\/\/hostnetart.com.br\/baixada\/projeto-que-ameaca-direito-de-greve-dos-bancarios-volta-a-pauta\/","title":{"rendered":"Projeto que amea\u00e7a direito de greve dos banc\u00e1rios volta \u00e0 pauta"},"content":{"rendered":"<p>O\u00a0<a href=\"https:\/\/www.camara.leg.br\/proposicoesWeb\/prop_mostrarintegra?codteor=2155279\" target=\"_blank\" rel=\"noopener noreferrer\">Projeto de Lei (PL) 817\/2022<\/a>, que amea\u00e7a o direito de greve da categoria banc\u00e1ria, ao alterar a\u00a0<a href=\"https:\/\/www.planalto.gov.br\/ccivil_03\/leis\/l7783.htm\" target=\"_blank\" rel=\"noopener noreferrer\">Lei 7.783 de 1989 (Lei da Greve)<\/a>\u00a0e definir os meios eletr\u00f4nicos de pagamentos e transfer\u00eancias banc\u00e1rias como servi\u00e7o essencial, est\u00e1 na pauta de vota\u00e7\u00e3o desta quarta-feira (14) da Comiss\u00e3o do Trabalho, Administra\u00e7\u00e3o e Servi\u00e7o P\u00fablico (CTASP) da C\u00e2mara dos Deputados. O mesmo PL j\u00e1 havia sido\u00a0<a href=\"https:\/\/contrafcut.com.br\/noticias\/projeto-ameaca-direito-de-greve-dos-bancarios\/\" target=\"_blank\" rel=\"noopener noreferrer\">pautado na semana passada<\/a>, mas foi retirado ap\u00f3s press\u00e3o da representa\u00e7\u00e3o sindical da categoria.<\/p>\n<p>\u201cEste projeto \u00e9 extremamente prejudicial \u00e0 categoria, pois afeta a correla\u00e7\u00e3o de for\u00e7as na mesa de negocia\u00e7\u00e3o com os bancos\u201d, alertou o secret\u00e1rio de Rela\u00e7\u00f5es do Trabalho da Confedera\u00e7\u00e3o Nacional dos Trabalhadores do Ramo Financeiro (Contraf-CUT), Jeferson Meira, o Jef\u00e3o, que \u00e9 o respons\u00e1vel da Contraf-CUT pelo acompanhamento da tramita\u00e7\u00e3o de temas de interesse da classe trabalhadora no Congresso Nacional.<\/p>\n<p>Para Jef\u00e3o, o texto original j\u00e1 era \u201cpernicioso\u201d, mas se tornou ainda pior depois que o\u00a0<a href=\"https:\/\/www.camara.leg.br\/deputados\/160665\" target=\"_blank\" rel=\"noopener noreferrer\">relator, deputado Augusto Coutinho<\/a>\u00a0(Republicanos\/PE), acolheu uma emenda do deputado Eli Corr\u00eaa Filho (Uni\u00e3o\/SP), que praticamente extingue o direito de greve da categoria banc\u00e1ria. \u201cNa semana passada hav\u00edamos acordado com o presidente da CTASP, deputado Le\u00f4nidas Cristino (PDT\/CE), que o projeto seria retirado de pauta para que houvesse o devido debate com a sociedade. Fomos surpreendidos com a recoloca\u00e7\u00e3o do mesmo na ordem do dia da comiss\u00e3o\u201d, disse.<\/p>\n<h3><strong>Mobiliza\u00e7\u00e3o<\/strong><\/h3>\n<p>\u201c\u00c9 muito importante que as entidades sindicais e toda a categoria se mobilize e pressione os\u00a0<a href=\"https:\/\/www2.camara.leg.br\/atividade-legislativa\/comissoes\/comissoes-permanentes\/ctasp\/membros\" target=\"_blank\" rel=\"noopener noreferrer\">membros da Comiss\u00e3o<\/a>. Liguem para seus gabinetes e acessem suas redes sociais para pedir que o projeto n\u00e3o seja votado nesta quarta e para que o\u00a0<a href=\"https:\/\/www.camara.leg.br\/deputados\/74299\" target=\"_blank\" rel=\"noopener noreferrer\">presidente da comiss\u00e3o<\/a>\u00a0promova o debate sobre o tema, com a realiza\u00e7\u00e3o de audi\u00eancias\u201d, disse o representante do Sindicato dos Banc\u00e1rios de S\u00e3o Paulo, Osasco e Regi\u00e3o no grupo de acompanhamento da agenda legislativa das centrais sindicais no Congresso Nacional, Alexandre Caso. \u201cA audi\u00eancia p\u00fablica pode mostrar aos parlamentares, de forma muito clara, que proibir greve na categoria banc\u00e1ria n\u00e3o faz o menor sentido, porque o trabalho banc\u00e1rio n\u00e3o \u00e9 um trabalho essencial e n\u00e3o se pode torn\u00e1-lo essencial por meio de uma lei\u201d, completou.<\/p>\n<p>Jef\u00e3o tamb\u00e9m orienta que banc\u00e1rias e banc\u00e1rios acessem a\u00a0<a href=\"https:\/\/forms.camara.leg.br\/ex\/enquetes\/2319202\" target=\"_blank\" rel=\"noopener noreferrer\">enquete da C\u00e2mara<\/a>\u00a0sobre o PL e digam que discordam totalmente do projeto e,\u00a0<strong>nesta quarta-feira (14), das 8h \u00e0s 9h<\/strong>, participem de um\u00a0<strong>tuita\u00e7o<\/strong>\u00a0com a hashtag\u00a0<strong>#Greve\u00c9Direito<\/strong>.<\/p>\n<p>Al\u00e9m de acessar o site da C\u00e2mara para mostrar sua discord\u00e2ncia do projeto, Jef\u00e3o pede para que a categoria e toda a classe trabalhadora fiquem atentas \u00e0 atua\u00e7\u00e3o dos deputados. \u201cN\u00e3o \u00e9 a primeira vez que estes parlamentares apresentam projetos que prejudicam a classe trabalhadora. A categoria precisa estar atenta a isso e, quando chegar as elei\u00e7\u00f5es, n\u00e3o votar e pedir para que seus familiares e conhecidos n\u00e3o votem nestes candidatos, que atuam contra os trabalhadores\u201d, pontuou.<\/p>\n<h3><strong>Press\u00e3o neles<\/strong><\/h3>\n<p><strong>Reuni\u00e3o da Comiss\u00e3o de Trabalho, de Administra\u00e7\u00e3o e Servi\u00e7o P\u00fablico<br \/><\/strong>Dia 14\/12\/2022, a partir das 10h<\/p>\n<p><strong>Relator do projeto<br \/><\/strong>Deputado Augusto Coutinho<br \/>E-mail:\u00a0<a href=\"mailto:dep.augustocoutinho@camara.leg.br\">dep.augustocoutinho@camara.leg.br<\/a><br \/>Telefone: (61) 3215-5314<br \/>Twitter: @dep_acoutinho<\/p>\n<p><strong>Presidente da CTASP<br \/><\/strong>Deputado Le\u00f4nidas Cristino<br \/>E-mail:\u00a0<a href=\"mailto:dep.leonidascristino@camara.leg.br\">dep.leonidascristino@camara.leg.br<\/a><br \/>Telefone: (61) 3215-5948<br \/>Twitter: @joseleonidas<\/p>\n<p><strong>Fonte: Contraf-CUT<\/strong><\/p>\n","protected":false},"excerpt":{"rendered":"<p>O\u00a0Projeto de Lei (PL) 817\/2022, que amea\u00e7a o direito de greve da categoria banc\u00e1ria, ao alterar a\u00a0Lei 7.783 de 1989 (Lei da Greve)\u00a0e definir os meios eletr\u00f4nicos de pagamentos e transfer\u00eancias banc\u00e1rias como servi\u00e7o essencial, est\u00e1 na pauta de vota\u00e7\u00e3o desta quarta-feira (14) da Comiss\u00e3o do Trabalho, Administra\u00e7\u00e3o e Servi\u00e7o P\u00fablico (CTASP) da C\u00e2mara dos [&hellip;]<\/p>\n","protected":false},"author":2,"featured_media":13473,"comment_status":"","ping_status":"","sticky":false,"template":"","format":"standard","meta":{"footnotes":""},"categories":[3],"tags":[],"class_list":["post-13474","post","type-post","status-publish","format-standard","has-post-thumbnail","hentry","category-noticias"],"_links":{"self":[{"href":"https:\/\/hostnetart.com.br\/baixada\/wp-json\/wp\/v2\/posts\/13474","targetHints":{"allow":["GET"]}}],"collection":[{"href":"https:\/\/hostnetart.com.br\/baixada\/wp-json\/wp\/v2\/posts"}],"about":[{"href":"https:\/\/hostnetart.com.br\/baixada\/wp-json\/wp\/v2\/types\/post"}],"author":[{"embeddable":true,"href":"https:\/\/hostnetart.com.br\/baixada\/wp-json\/wp\/v2\/users\/2"}],"replies":[{"embeddable":true,"href":"https:\/\/hostnetart.com.br\/baixada\/wp-json\/wp\/v2\/comments?post=13474"}],"version-history":[{"count":0,"href":"https:\/\/hostnetart.com.br\/baixada\/wp-json\/wp\/v2\/posts\/13474\/revisions"}],"wp:featuredmedia":[{"embeddable":true,"href":"https:\/\/hostnetart.com.br\/baixada\/wp-json\/wp\/v2\/media\/13473"}],"wp:attachment":[{"href":"https:\/\/hostnetart.com.br\/baixada\/wp-json\/wp\/v2\/media?parent=13474"}],"wp:term":[{"taxonomy":"category","embeddable":true,"href":"https:\/\/hostnetart.com.br\/baixada\/wp-json\/wp\/v2\/categories?post=13474"},{"taxonomy":"post_tag","embeddable":true,"href":"https:\/\/hostnetart.com.br\/baixada\/wp-json\/wp\/v2\/tags?post=13474"}],"curies":[{"name":"wp","href":"https:\/\/api.w.org\/{rel}","templated":true}]}}