{"id":13470,"date":"2022-12-13T12:02:35","date_gmt":"2022-12-13T15:02:35","guid":{"rendered":"https:\/\/hostnetart.com.br\/baixada\/bancos-publicos-serao-tema-de-debate-nesta-quarta-feira-14\/"},"modified":"2022-12-13T12:02:35","modified_gmt":"2022-12-13T15:02:35","slug":"bancos-publicos-serao-tema-de-debate-nesta-quarta-feira-14","status":"publish","type":"post","link":"https:\/\/hostnetart.com.br\/baixada\/bancos-publicos-serao-tema-de-debate-nesta-quarta-feira-14\/","title":{"rendered":"Bancos p\u00fablicos ser\u00e3o tema de debate nesta quarta-feira (14)"},"content":{"rendered":"<p>O economista Sergio Mendon\u00e7a, ex-diretor t\u00e9cnico do Departamento Intersindical de Estat\u00edstica e Estudos Socioecon\u00f4micos (Dieese), o coordenador da Comiss\u00e3o de Empresa dos Funcion\u00e1rios do Banco do Brasil (CEBB), Jo\u00e3o Fukunaga, e a representante eleita pelos empregados no Conselho Administrativo da Caixa Econ\u00f4mica Federal e diretora da Federa\u00e7\u00e3o Nacional das Associa\u00e7\u00f5es do Pessoal da Caixa (Fenae), Rita Serrano, s\u00e3o os convidados da Confedera\u00e7\u00e3o Nacional dos Trabalhadores do Ramo Financeiro (Contraf-CUT) e da Fenae para o debate \u201cBancos p\u00fablicos: Situa\u00e7\u00e3o atual e perspectivas no governo Lula\u201d, que ser\u00e1 realizado nesta quarta-feira (14), a partir das 19h (hor\u00e1rio de Bras\u00edlia).<\/p>\n<p>A atividade ser\u00e1 realizada via internet, por meio de uma plataforma de confer\u00eancia digital, e \u00e9 aberta para todos os interessados, bastando acessar o link, sem a necessidade de cadastro pr\u00e9vio.<\/p>\n<p>\u201cOs bancos p\u00fablicos podem ter um papel fundamental para a retomada do desenvolvimento econ\u00f4mico e social do pa\u00eds. Mas, isso depende das pol\u00edticas de cada governo\u201d, destacou o secret\u00e1rio de Forma\u00e7\u00e3o da Contraf-CUT, Rafael Zanon, ao dizer que o debate buscar\u00e1 apontar algumas das diferen\u00e7as entre as pol\u00edticas adotadas pelo governo que est\u00e1 sendo encerrado e pelo pr\u00f3ximo governo.<\/p>\n<p>\u201cO atual governo nunca escondeu seu interesse em privatizar os bancos p\u00fablicos. Talvez n\u00e3o tenha feito isso apenas por ter sido impedido de promover a privatiza\u00e7\u00e3o das estatais. Mas, os fragmentou, transformando alguns segmentos bastante rent\u00e1veis em subsidi\u00e1rias e as vendeu. Al\u00e9m disso, promoveu a retirada de capital e a venda de parte de seus patrim\u00f4nios, com o consequente enfraquecimento dessas institui\u00e7\u00f5es\u201d, observou a coordenadora do Grupo de Trabalho sobre Bancos P\u00fablicos da Contraf-CUT, Eliana Brasil.<\/p>\n<p>\u201cPelo que vimos de suas gest\u00f5es anteriores, pelo que faz parte do programa de governo e pelo que est\u00e1 sendo visto no gabinete de transi\u00e7\u00e3o, o presidente eleito (Luiz In\u00e1cio Lula da Silva) ter\u00e1 uma postura inversa, com o fortalecimento da import\u00e2ncia dos bancos p\u00fablicos e a utiliza\u00e7\u00e3o dos mesmos para alavancar o desenvolvimento econ\u00f4mico e social do nosso pa\u00eds\u201d, disse o presidente da Fenae, Sergio Takemoto.<\/p>\n<p>\u201cSer\u00e1 uma atividade importante para ressaltar o papel fundamental dos bancos p\u00fablicos brasileiros. Por isso, convidamos todos a participarem\u201d, convocou Zanon.<\/p>\n<h3><strong>Debate<\/strong><\/h3>\n<p><strong>Bancos p\u00fablicos: Situa\u00e7\u00e3o atual e perspectivas no governo Lula<br \/>Data:<\/strong>\u00a014 de dezembro de 2022<br \/><strong>Hor\u00e1rio:<\/strong>\u00a019h00 (hor\u00e1rio de Bras\u00edlia)<br \/><strong>Link de acesso:<br \/><\/strong><a href=\"https:\/\/us02web.zoom.us\/j\/82346499428?pwd=dkpsTGQzUE16cWRuU2l3dmVuc3kvdz09\">https:\/\/us02web.zoom.us\/j\/82346499428?pwd=dkpsTGQzUE16cWRuU2l3dmVuc3kvdz09<\/a><br \/><strong>ID da reuni\u00e3o:<\/strong>\u00a0823 4649 9428<br \/><strong>Senha de acesso:<\/strong>\u00a0611205<\/p>\n<p><strong>Fonte: Contraf-CUT<\/strong><\/p>\n","protected":false},"excerpt":{"rendered":"<p>O economista Sergio Mendon\u00e7a, ex-diretor t\u00e9cnico do Departamento Intersindical de Estat\u00edstica e Estudos Socioecon\u00f4micos (Dieese), o coordenador da Comiss\u00e3o de Empresa dos Funcion\u00e1rios do Banco do Brasil (CEBB), Jo\u00e3o Fukunaga, e a representante eleita pelos empregados no Conselho Administrativo da Caixa Econ\u00f4mica Federal e diretora da Federa\u00e7\u00e3o Nacional das Associa\u00e7\u00f5es do Pessoal da Caixa (Fenae), [&hellip;]<\/p>\n","protected":false},"author":2,"featured_media":13469,"comment_status":"","ping_status":"","sticky":false,"template":"","format":"standard","meta":{"footnotes":""},"categories":[3],"tags":[],"class_list":["post-13470","post","type-post","status-publish","format-standard","has-post-thumbnail","hentry","category-noticias"],"_links":{"self":[{"href":"https:\/\/hostnetart.com.br\/baixada\/wp-json\/wp\/v2\/posts\/13470","targetHints":{"allow":["GET"]}}],"collection":[{"href":"https:\/\/hostnetart.com.br\/baixada\/wp-json\/wp\/v2\/posts"}],"about":[{"href":"https:\/\/hostnetart.com.br\/baixada\/wp-json\/wp\/v2\/types\/post"}],"author":[{"embeddable":true,"href":"https:\/\/hostnetart.com.br\/baixada\/wp-json\/wp\/v2\/users\/2"}],"replies":[{"embeddable":true,"href":"https:\/\/hostnetart.com.br\/baixada\/wp-json\/wp\/v2\/comments?post=13470"}],"version-history":[{"count":0,"href":"https:\/\/hostnetart.com.br\/baixada\/wp-json\/wp\/v2\/posts\/13470\/revisions"}],"wp:featuredmedia":[{"embeddable":true,"href":"https:\/\/hostnetart.com.br\/baixada\/wp-json\/wp\/v2\/media\/13469"}],"wp:attachment":[{"href":"https:\/\/hostnetart.com.br\/baixada\/wp-json\/wp\/v2\/media?parent=13470"}],"wp:term":[{"taxonomy":"category","embeddable":true,"href":"https:\/\/hostnetart.com.br\/baixada\/wp-json\/wp\/v2\/categories?post=13470"},{"taxonomy":"post_tag","embeddable":true,"href":"https:\/\/hostnetart.com.br\/baixada\/wp-json\/wp\/v2\/tags?post=13470"}],"curies":[{"name":"wp","href":"https:\/\/api.w.org\/{rel}","templated":true}]}}