{"id":13468,"date":"2022-12-13T11:54:11","date_gmt":"2022-12-13T14:54:11","guid":{"rendered":"https:\/\/hostnetart.com.br\/baixada\/bb-leilao-sem-transparencia-de-predio-sedan-e-suspenso-para-revisao-do-edital\/"},"modified":"2022-12-13T11:54:11","modified_gmt":"2022-12-13T14:54:11","slug":"bb-leilao-sem-transparencia-de-predio-sedan-e-suspenso-para-revisao-do-edital","status":"publish","type":"post","link":"https:\/\/hostnetart.com.br\/baixada\/bb-leilao-sem-transparencia-de-predio-sedan-e-suspenso-para-revisao-do-edital\/","title":{"rendered":"BB: leil\u00e3o sem transpar\u00eancia de pr\u00e9dio Sedan \u00e9 suspenso \u201cpara revis\u00e3o do edital\u201d"},"content":{"rendered":"<p>Com o lance agendado para 20 de dezembro, no apagar das luzes do governo Bolsonaro, o pr\u00e9dio da sede do Banco do Brasil no Rio de Janeiro, conhecido como Sedan, n\u00e3o aparece mais dispon\u00edvel para leil\u00e3o. \u201cO movimento sindical obteve informa\u00e7\u00f5es de que o edital foi retirado do site de lances \u2018para revis\u00e3o do edital\u2019\u201d, explica Rita Mota, que integra a Comiss\u00e3o de Empresa dos Funcion\u00e1rios do BB (CEBB). \u201cAinda n\u00e3o sabemos se o edital voltar\u00e1 a ser divulgado antes do dia 20. Ou seja, n\u00e3o podemos dizer se o leil\u00e3o foi cancelado ou suspenso de vez\u201d, completa.<\/p>\n<p>As not\u00edcias sobre a venda do Sedan come\u00e7aram em 2020, quando o banco p\u00fablico alegou que a medida fazia parte de um programa de moderniza\u00e7\u00e3o e corte de custos. Apesar disso, somente no dia 28 de novembro deste ano, portanto logo ap\u00f3s o resultado das urnas em que Bolsonaro saiu derrotado, \u00e9 que foi publicado o edital de leil\u00e3o do edif\u00edcio de 45 andares, um dos mais altos do Rio, por R$ 311 milh\u00f5es.<\/p>\n<p>\u201cExistem suspeitas de irregularidades em todo esse processo como, por exemplo, constar no edital que a avalia\u00e7\u00e3o em valores do im\u00f3vel \u00e9 zero\u201d, observa o Coordenador CEBB, Jo\u00e3o Fukunaga. Ele tamb\u00e9m pontua que, durante processo para preparar o Sedan \u00e0 venda, o BB alugou um im\u00f3vel no Condom\u00ednio Ventura Corporate, onde passariam a funcionar as depend\u00eancias do Sedan e da BB Asset Manegement. \u201cAcontece que o BTG Pactual, empresa que foi fundada pelo atual ministro da Economia, Paulo Guedes,\u00a0<a href=\"https:\/\/www.terra.com.br\/economia\/rio-empresas-compram-imovel-de-r-680-milhoes,4357005bab92b310VgnCLD200000bbcceb0aRCRD.html\" target=\"_blank\" rel=\"noopener noreferrer\">\u00e9 uma das propriet\u00e1rias do Condom\u00ednio Ventura<\/a>. Em outras palavras, o banco coloca \u00e0 venda uma estrutura pr\u00f3pria e em bom estado, para alugar por valores milion\u00e1rios o local de uma empresa que tem liga\u00e7\u00e3o direta com Guedes\u201d, completa.<\/p>\n<p>Rita Mota afirma que o movimento sindical est\u00e1 atuando junto aos parlamentares e ao governo de transi\u00e7\u00e3o para tentar impedir o leil\u00e3o. \u201cQueremos explica\u00e7\u00f5es sobre a falta de transpar\u00eancia e tamb\u00e9m do porqu\u00ea o processo estar acontecendo de maneira apressada, al\u00e9m de explica\u00e7\u00f5es sobre o favorecimento do BTG Pactual na aloca\u00e7\u00e3o do novo pr\u00e9dio\u201d, diz.<\/p>\n<h3>Guedes se esquiva<\/h3>\n<p>Ainda em 2020, a deputada federal Gleisi Hoffmann (PT-PR)\u00a0<a href=\"http:\/\/chrome-extension\/\/efaidnbmnnnibpcajpcglclefindmkaj\/https:\/\/www.camara.leg.br\/proposicoesWeb\/prop_mostrarintegra?codteor=1932817\" target=\"_blank\" rel=\"noopener noreferrer\">solicitou explica\u00e7\u00f5es ao ministro da Economia<\/a>, Paulo Guedes, \u201cacerca da venda da sede do Banco do Brasil\u201d e tamb\u00e9m sobre \u201cposterior loca\u00e7\u00e3o, supostamente antiecon\u00f4mica de outro espa\u00e7o\u201d, pertencente ao BTG Pactual. A parlamentar questionou os \u201ccrit\u00e9rios t\u00e9cnicos\u201d utilizados para as duas manobras e cobrou explica\u00e7\u00f5es econ\u00f4micas, chamando a aten\u00e7\u00e3o sobre a vincula\u00e7\u00e3o de Guedes com o BTG.<\/p>\n<p>As perguntas encaminhadas pela deputada federal foram respondidas de forma evasiva pelo ministro de Bolsonaro, em of\u00edcio enviado \u00e0 C\u00e2mara. \u201cNo documento, Guedes justificou que as medidas seriam para manter a \u2018competitividade em condi\u00e7\u00f5es de igualdade\u2019 do BB com os demais agentes financeiros, mas sem trazer subs\u00eddios t\u00e9cnicos e econ\u00f4micos\u201d, destaca Rita Mota.<\/p>\n<p><strong><a href=\"http:\/\/chrome-extension\/\/efaidnbmnnnibpcajpcglclefindmkaj\/https:\/\/www.camara.leg.br\/proposicoesWeb\/prop_mostrarintegra?codteor=1941663\" target=\"_blank\" rel=\"noopener noreferrer\">Clique aqui<\/a><\/strong>\u00a0para ver a resposta de Paulo Guedes<\/p>\n<p>O BB tamb\u00e9m respondeu \u00e0 parlamentar, argumentando de forma gen\u00e9rica que tanto a venda do Sedan quanto a aloca\u00e7\u00e3o no condom\u00ednio do BTG Pactual faziam parte do programa FlexyBB, para ado\u00e7\u00e3o de um \u201cnovo padr\u00e3o\u201d de gerenciamento, que inclui ainda a desocupa\u00e7\u00e3o de 19 pr\u00e9dios, entre locados e pr\u00f3prios.<\/p>\n<p>\u201cEssa resposta da atual dire\u00e7\u00e3o do BB foi bastante problem\u00e1tica, isso porque revela o desmonte de patrim\u00f4nio p\u00fablico e n\u00e3o traz dados t\u00e9cnicos de que a manuten\u00e7\u00e3o de equipamentos pr\u00f3prios \u00e9 mais cara ao banco do que o aluguel milion\u00e1rio de empreendimentos de terceiros sendo, curiosamente, um deles de empresa ligada a Guedes, que comanda o Minist\u00e9rio da Economia, ao qual o BB hoje est\u00e1 subordinado\u201d, conclui Fukunaga.<\/p>\n<p><strong>Fonte: Contraf-CUT<\/strong><\/p>\n","protected":false},"excerpt":{"rendered":"<p>Com o lance agendado para 20 de dezembro, no apagar das luzes do governo Bolsonaro, o pr\u00e9dio da sede do Banco do Brasil no Rio de Janeiro, conhecido como Sedan, n\u00e3o aparece mais dispon\u00edvel para leil\u00e3o. \u201cO movimento sindical obteve informa\u00e7\u00f5es de que o edital foi retirado do site de lances \u2018para revis\u00e3o do edital\u2019\u201d, [&hellip;]<\/p>\n","protected":false},"author":2,"featured_media":13467,"comment_status":"","ping_status":"","sticky":false,"template":"","format":"standard","meta":{"footnotes":""},"categories":[3],"tags":[],"class_list":["post-13468","post","type-post","status-publish","format-standard","has-post-thumbnail","hentry","category-noticias"],"_links":{"self":[{"href":"https:\/\/hostnetart.com.br\/baixada\/wp-json\/wp\/v2\/posts\/13468","targetHints":{"allow":["GET"]}}],"collection":[{"href":"https:\/\/hostnetart.com.br\/baixada\/wp-json\/wp\/v2\/posts"}],"about":[{"href":"https:\/\/hostnetart.com.br\/baixada\/wp-json\/wp\/v2\/types\/post"}],"author":[{"embeddable":true,"href":"https:\/\/hostnetart.com.br\/baixada\/wp-json\/wp\/v2\/users\/2"}],"replies":[{"embeddable":true,"href":"https:\/\/hostnetart.com.br\/baixada\/wp-json\/wp\/v2\/comments?post=13468"}],"version-history":[{"count":0,"href":"https:\/\/hostnetart.com.br\/baixada\/wp-json\/wp\/v2\/posts\/13468\/revisions"}],"wp:featuredmedia":[{"embeddable":true,"href":"https:\/\/hostnetart.com.br\/baixada\/wp-json\/wp\/v2\/media\/13467"}],"wp:attachment":[{"href":"https:\/\/hostnetart.com.br\/baixada\/wp-json\/wp\/v2\/media?parent=13468"}],"wp:term":[{"taxonomy":"category","embeddable":true,"href":"https:\/\/hostnetart.com.br\/baixada\/wp-json\/wp\/v2\/categories?post=13468"},{"taxonomy":"post_tag","embeddable":true,"href":"https:\/\/hostnetart.com.br\/baixada\/wp-json\/wp\/v2\/tags?post=13468"}],"curies":[{"name":"wp","href":"https:\/\/api.w.org\/{rel}","templated":true}]}}