{"id":13464,"date":"2022-12-12T12:03:53","date_gmt":"2022-12-12T15:03:53","guid":{"rendered":"https:\/\/hostnetart.com.br\/baixada\/funcionarios-decidem-acordo-com-bndes-em-assembleia-nesta-segunda-12\/"},"modified":"2022-12-12T12:03:53","modified_gmt":"2022-12-12T15:03:53","slug":"funcionarios-decidem-acordo-com-bndes-em-assembleia-nesta-segunda-12","status":"publish","type":"post","link":"https:\/\/hostnetart.com.br\/baixada\/funcionarios-decidem-acordo-com-bndes-em-assembleia-nesta-segunda-12\/","title":{"rendered":"Funcion\u00e1rios decidem acordo com BNDES em assembleia nesta segunda (12)"},"content":{"rendered":"<p>As entidades sindicais e as associa\u00e7\u00f5es dos funcion\u00e1rios do Banco Nacional de Desenvolvimento Econ\u00f4mico e Social (BNDES) realizam, nesta segunda-feira, dia 12, uma assembleia para decidir se aprova a proposta apresentada na \u00faltima reuni\u00e3o de concilia\u00e7\u00e3o com o banco, mediada pelo Tribunal Superior do Trabalho (TST). A vota\u00e7\u00e3o ser\u00e1 online, pelo sistema\u00a0<a href=\"http:\/\/bancarios.votabem.com.br\/\" target=\"_blank\" rel=\"noopener noreferrer\">Vota Bem<\/a>, das 13 \u00e0s 20 horas. Votam os funcion\u00e1rios do Sistema BNDES, que inclui, al\u00e9m do banco, as subsidi\u00e1rias BNDESPAR e Finame.<\/p>\n<p>A proposta contempla os termos da Conven\u00e7\u00e3o Coletiva de Trabalho (CCT) da categoria banc\u00e1ria, assinada este ano com a Federa\u00e7\u00e3o Nacional dos Bancos (Fenaban), com validade de dois anos. Para 2022, o acordo prev\u00ea reajuste de 8% retroativo a setembro, e, para 2023, corre\u00e7\u00e3o pelo \u00cdndice Nacional de Pre\u00e7os ao Consumidor (INPC), mais aumento real de 0,5% \u2013 condicionado aos resultados do grupo de trabalho (GT) espec\u00edfico para estudo sobre o plano de sa\u00fade, oferecido a funcion\u00e1rios, aposentados e seus dependentes, como definido no par\u00e1grafo 4\u00ba da cl\u00e1usula 32 do Acordo Coletivo de Trabalho.\u00a0<a href=\"https:\/\/contrafcut.com.br\/noticias\/bancarios-arrancam-proposta-com-conquistas\/\" target=\"_blank\" rel=\"noopener noreferrer\">Conhe\u00e7a aqui detalhes da CCT da categoria<\/a>. Tamb\u00e9m est\u00e1 prevista a cl\u00e1usula p\u00f3s-emprego, uma antiga reivindica\u00e7\u00e3o do funcionalismo.<\/p>\n<p>O vice-presidente da Confedera\u00e7\u00e3o Nacional dos Trabalhadores do Ramo Financeiro, Vin\u00edcius Assump\u00e7\u00e3o, que participa de todo o processo de negocia\u00e7\u00e3o, lembra que \u201c\u00e9 fundamental a participa\u00e7\u00e3o na assembleia, para termos uma decis\u00e3o madura e com alta representa\u00e7\u00e3o, que sempre foi uma marca do funcionalismo do BNDES\u201d. As entidades sindicais indicam a aprova\u00e7\u00e3o do acordo formulado na concilia\u00e7\u00e3o mediada pelo TST.<\/p>\n<p>O BNDES \u00e9 o \u00fanico banco que ainda n\u00e3o assinou o acordo com seus funcion\u00e1rios. A\u00a0<a href=\"https:\/\/contrafcut.com.br\/noticias\/intransigente-bndes-encerra-negociacao-sem-acordo\/\" target=\"_blank\" rel=\"noopener noreferrer\">institui\u00e7\u00e3o agiu com grande intransig\u00eancia durante toda a campanha dos banc\u00e1rios<\/a>, sempre buscando retirar direitos adquiridos ao longo de d\u00e9cadas de luta dos funcion\u00e1rios, at\u00e9 que a negocia\u00e7\u00e3o foi levada \u00e0 media\u00e7\u00e3o do TST.<\/p>\n<p>Para votar, acesse o link\u00a0<a href=\"http:\/\/bancarios.votabem.com.br\/\" target=\"_blank\" rel=\"noopener noreferrer\">bancarios.votabem.com.br<\/a>, na segunda-feira (12), das 13 \u00e0s 20 horas.<\/p>\n<p><strong>Fonte: Contraf-CUT<\/strong><\/p>\n","protected":false},"excerpt":{"rendered":"<p>As entidades sindicais e as associa\u00e7\u00f5es dos funcion\u00e1rios do Banco Nacional de Desenvolvimento Econ\u00f4mico e Social (BNDES) realizam, nesta segunda-feira, dia 12, uma assembleia para decidir se aprova a proposta apresentada na \u00faltima reuni\u00e3o de concilia\u00e7\u00e3o com o banco, mediada pelo Tribunal Superior do Trabalho (TST). A vota\u00e7\u00e3o ser\u00e1 online, pelo sistema\u00a0Vota Bem, das 13 [&hellip;]<\/p>\n","protected":false},"author":2,"featured_media":13463,"comment_status":"","ping_status":"","sticky":false,"template":"","format":"standard","meta":{"footnotes":""},"categories":[3],"tags":[],"class_list":["post-13464","post","type-post","status-publish","format-standard","has-post-thumbnail","hentry","category-noticias"],"_links":{"self":[{"href":"https:\/\/hostnetart.com.br\/baixada\/wp-json\/wp\/v2\/posts\/13464","targetHints":{"allow":["GET"]}}],"collection":[{"href":"https:\/\/hostnetart.com.br\/baixada\/wp-json\/wp\/v2\/posts"}],"about":[{"href":"https:\/\/hostnetart.com.br\/baixada\/wp-json\/wp\/v2\/types\/post"}],"author":[{"embeddable":true,"href":"https:\/\/hostnetart.com.br\/baixada\/wp-json\/wp\/v2\/users\/2"}],"replies":[{"embeddable":true,"href":"https:\/\/hostnetart.com.br\/baixada\/wp-json\/wp\/v2\/comments?post=13464"}],"version-history":[{"count":0,"href":"https:\/\/hostnetart.com.br\/baixada\/wp-json\/wp\/v2\/posts\/13464\/revisions"}],"wp:featuredmedia":[{"embeddable":true,"href":"https:\/\/hostnetart.com.br\/baixada\/wp-json\/wp\/v2\/media\/13463"}],"wp:attachment":[{"href":"https:\/\/hostnetart.com.br\/baixada\/wp-json\/wp\/v2\/media?parent=13464"}],"wp:term":[{"taxonomy":"category","embeddable":true,"href":"https:\/\/hostnetart.com.br\/baixada\/wp-json\/wp\/v2\/categories?post=13464"},{"taxonomy":"post_tag","embeddable":true,"href":"https:\/\/hostnetart.com.br\/baixada\/wp-json\/wp\/v2\/tags?post=13464"}],"curies":[{"name":"wp","href":"https:\/\/api.w.org\/{rel}","templated":true}]}}