{"id":13456,"date":"2022-12-08T19:11:20","date_gmt":"2022-12-08T22:11:20","guid":{"rendered":"https:\/\/hostnetart.com.br\/baixada\/13-salario-va-e-vr-do-santander-sera-pago-dia-16\/"},"modified":"2022-12-08T19:11:20","modified_gmt":"2022-12-08T22:11:20","slug":"13-salario-va-e-vr-do-santander-sera-pago-dia-16","status":"publish","type":"post","link":"https:\/\/hostnetart.com.br\/baixada\/13-salario-va-e-vr-do-santander-sera-pago-dia-16\/","title":{"rendered":"13\u00ba, sal\u00e1rio, VA e VR do Santander ser\u00e3o pagos dia 16"},"content":{"rendered":"<p>O Banco Santander anunciou que adiantar\u00e1 para o pr\u00f3ximo dia 16, o sal\u00e1rio de dezembro, a segunda parcela do 13\u00ba, o vale-alimenta\u00e7\u00e3o e o vale-refei\u00e7\u00e3o.<\/p>\n<p>A vari\u00e1vel do segundo semestre de 2022, junto com o PPRS e a PLR, ser\u00e3o pagos em fevereiro de 2023, conforme Conven\u00e7\u00e3o Coletiva de Trabalho (CCT) e o Acordo Coletivo de Trabalho (ACT) espec\u00edfico dos trabalhadores do Santander, aditivo \u00e0 CCT.<\/p>\n<p><strong>Fonte: Sindicato dos Banc\u00e1rios de S\u00e3o Paulo<\/strong><\/p>\n<h1 class=\"post-title\">\u00a0<\/h1>\n<article class=\"node node--type-post node--view-mode-full node-detail 1col-no-sidebar clearfix\">\n<div class=\"post-block article-detail\">\u00a0<\/div>\n<\/article>\n","protected":false},"excerpt":{"rendered":"<p>O Banco Santander anunciou que adiantar\u00e1 para o pr\u00f3ximo dia 16, o sal\u00e1rio de dezembro, a segunda parcela do 13\u00ba, o vale-alimenta\u00e7\u00e3o e o vale-refei\u00e7\u00e3o. A vari\u00e1vel do segundo semestre de 2022, junto com o PPRS e a PLR, ser\u00e3o pagos em fevereiro de 2023, conforme Conven\u00e7\u00e3o Coletiva de Trabalho (CCT) e o Acordo Coletivo [&hellip;]<\/p>\n","protected":false},"author":2,"featured_media":13455,"comment_status":"","ping_status":"","sticky":false,"template":"","format":"standard","meta":{"footnotes":""},"categories":[3],"tags":[],"class_list":["post-13456","post","type-post","status-publish","format-standard","has-post-thumbnail","hentry","category-noticias"],"_links":{"self":[{"href":"https:\/\/hostnetart.com.br\/baixada\/wp-json\/wp\/v2\/posts\/13456","targetHints":{"allow":["GET"]}}],"collection":[{"href":"https:\/\/hostnetart.com.br\/baixada\/wp-json\/wp\/v2\/posts"}],"about":[{"href":"https:\/\/hostnetart.com.br\/baixada\/wp-json\/wp\/v2\/types\/post"}],"author":[{"embeddable":true,"href":"https:\/\/hostnetart.com.br\/baixada\/wp-json\/wp\/v2\/users\/2"}],"replies":[{"embeddable":true,"href":"https:\/\/hostnetart.com.br\/baixada\/wp-json\/wp\/v2\/comments?post=13456"}],"version-history":[{"count":0,"href":"https:\/\/hostnetart.com.br\/baixada\/wp-json\/wp\/v2\/posts\/13456\/revisions"}],"wp:featuredmedia":[{"embeddable":true,"href":"https:\/\/hostnetart.com.br\/baixada\/wp-json\/wp\/v2\/media\/13455"}],"wp:attachment":[{"href":"https:\/\/hostnetart.com.br\/baixada\/wp-json\/wp\/v2\/media?parent=13456"}],"wp:term":[{"taxonomy":"category","embeddable":true,"href":"https:\/\/hostnetart.com.br\/baixada\/wp-json\/wp\/v2\/categories?post=13456"},{"taxonomy":"post_tag","embeddable":true,"href":"https:\/\/hostnetart.com.br\/baixada\/wp-json\/wp\/v2\/tags?post=13456"}],"curies":[{"name":"wp","href":"https:\/\/api.w.org\/{rel}","templated":true}]}}