{"id":13454,"date":"2022-12-08T03:10:18","date_gmt":"2022-12-08T06:10:18","guid":{"rendered":"https:\/\/hostnetart.com.br\/baixada\/projeto-ameaca-direito-de-greve-dos-bancarios\/"},"modified":"2022-12-08T03:10:18","modified_gmt":"2022-12-08T06:10:18","slug":"projeto-ameaca-direito-de-greve-dos-bancarios","status":"publish","type":"post","link":"https:\/\/hostnetart.com.br\/baixada\/projeto-ameaca-direito-de-greve-dos-bancarios\/","title":{"rendered":"Projeto amea\u00e7a direito de greve dos banc\u00e1rios"},"content":{"rendered":"<p>O Projeto de Lei\u00a0<a href=\"https:\/\/www.camara.leg.br\/proposicoesWeb\/prop_mostrarintegra?codteor=2155279\" target=\"_blank\" rel=\"noopener noreferrer\">(PL) 817\/2022<\/a>, que amea\u00e7a o direito de greve da categoria banc\u00e1ria, ao alterar a\u00a0<a href=\"https:\/\/www.planalto.gov.br\/ccivil_03\/leis\/l7783.htm\" target=\"_blank\" rel=\"noopener noreferrer\">Lei 7.783 de 1989<\/a>\u00a0(Lei da Greve) e define os meios eletr\u00f4nicos de pagamentos e transfer\u00eancias banc\u00e1rias como servi\u00e7o essencial, estava na pauta de vota\u00e7\u00e3o desta quarta-feira (7), na Comiss\u00e3o do Trabalho, Administra\u00e7\u00e3o e Servi\u00e7o P\u00fablico (CTASP) da C\u00e2mara dos Deputados, mas foi retirado ap\u00f3s press\u00e3o da representa\u00e7\u00e3o sindical da categoria.<\/p>\n<p>\u201cO projeto do Kim Kataguiri (Uni\u00e3o\/SP), em si, \u00e9 pernicioso. Com o acolhimento, pelo relator, de uma emenda do deputado Eli Corr\u00eaa Filho (Uni\u00e3o\/SP), fica ainda pior e praticamente anula o direito de greve da categoria banc\u00e1ria, prejudicando a correla\u00e7\u00e3o de for\u00e7as nas mesas de negocia\u00e7\u00f5es com os bancos\u201d observou o secret\u00e1rio de Rela\u00e7\u00f5es do Trabalho da Confedera\u00e7\u00e3o Nacional dos Trabalhadores do Ramo Financeiro (Contraf-CUT), Jeferson Meira, o Jef\u00e3o, que \u00e9 o respons\u00e1vel da Contraf-CUT pelo acompanhamento da tramita\u00e7\u00e3o de temas de interesse da classe trabalhadora no Congresso Nacional.<\/p>\n<p>O dirigente da Contraf-CUT disse que um trabalho articulado com deputados comprometidos com a classe trabalhadora conseguiu retirar o projeto da pauta de vota\u00e7\u00e3o. \u201cA retirada momentaneamente da pauta foi obtida com muita luta. Agora, precisamos que a categoria nos ajude a pressionar os deputados para que este projeto seja definitivamente engavetado\u201d, disse.<\/p>\n<p>Jef\u00e3o orienta que banc\u00e1rias e banc\u00e1rios acessem a\u00a0<a href=\"https:\/\/forms.camara.leg.br\/ex\/enquetes\/2319202\" target=\"_blank\" rel=\"noopener noreferrer\">enquete da C\u00e2mara<\/a>\u00a0sobre o PL digam que discordam totalmente do projeto.<\/p>\n<h3><strong>Olho nos deputados<\/strong><\/h3>\n<p>Al\u00e9m de acessar o site da C\u00e2mara para mostrar sua discord\u00e2ncia do projeto, Jef\u00e3o pede para que a categoria e toda a classe trabalhadora fiquem atentas \u00e0 atua\u00e7\u00e3o dos deputados. \u201cN\u00e3o \u00e9 a primeira vez que estes deputados apresentam projetos que prejudicam a classe trabalhadora. A categoria precisa estar atenta a isso! E quando chegar as elei\u00e7\u00f5es, n\u00e3o votar e pedir para que seus familiares e conhecidos n\u00e3o votem nestes candidatos, que atuam contra os trabalhadores\u201d, pontuou.<\/p>\n<p>\u201cAl\u00e9m de ficarem de olho nos deputados, \u00e9 preciso que a categoria fique atenta \u00e0 atua\u00e7\u00e3o partid\u00e1ria. Os deputados s\u00e3o do mesmo estado e do mesmo partido. Eles se articulam na vota\u00e7\u00e3o de projetos contra a classe trabalhadora. \u00c9 preciso que os banc\u00e1rios do estado de S\u00e3o Paulo tamb\u00e9m se articulem numa campanha para mostrar nas bases destes deputados o que eles fazem no Congresso: se unem para massacrar os trabalhadores\u201d, disse. \u201cPrecisamos cortar o mal pela raiz. Impedir que eles se elejam\u201d, concluiu Jef\u00e3o.<\/p>\n<p><strong>Fonte: Contraf-CUT<\/strong><\/p>\n","protected":false},"excerpt":{"rendered":"<p>O Projeto de Lei\u00a0(PL) 817\/2022, que amea\u00e7a o direito de greve da categoria banc\u00e1ria, ao alterar a\u00a0Lei 7.783 de 1989\u00a0(Lei da Greve) e define os meios eletr\u00f4nicos de pagamentos e transfer\u00eancias banc\u00e1rias como servi\u00e7o essencial, estava na pauta de vota\u00e7\u00e3o desta quarta-feira (7), na Comiss\u00e3o do Trabalho, Administra\u00e7\u00e3o e Servi\u00e7o P\u00fablico (CTASP) da C\u00e2mara dos [&hellip;]<\/p>\n","protected":false},"author":2,"featured_media":13453,"comment_status":"","ping_status":"","sticky":false,"template":"","format":"standard","meta":{"footnotes":""},"categories":[3],"tags":[],"class_list":["post-13454","post","type-post","status-publish","format-standard","has-post-thumbnail","hentry","category-noticias"],"_links":{"self":[{"href":"https:\/\/hostnetart.com.br\/baixada\/wp-json\/wp\/v2\/posts\/13454","targetHints":{"allow":["GET"]}}],"collection":[{"href":"https:\/\/hostnetart.com.br\/baixada\/wp-json\/wp\/v2\/posts"}],"about":[{"href":"https:\/\/hostnetart.com.br\/baixada\/wp-json\/wp\/v2\/types\/post"}],"author":[{"embeddable":true,"href":"https:\/\/hostnetart.com.br\/baixada\/wp-json\/wp\/v2\/users\/2"}],"replies":[{"embeddable":true,"href":"https:\/\/hostnetart.com.br\/baixada\/wp-json\/wp\/v2\/comments?post=13454"}],"version-history":[{"count":0,"href":"https:\/\/hostnetart.com.br\/baixada\/wp-json\/wp\/v2\/posts\/13454\/revisions"}],"wp:featuredmedia":[{"embeddable":true,"href":"https:\/\/hostnetart.com.br\/baixada\/wp-json\/wp\/v2\/media\/13453"}],"wp:attachment":[{"href":"https:\/\/hostnetart.com.br\/baixada\/wp-json\/wp\/v2\/media?parent=13454"}],"wp:term":[{"taxonomy":"category","embeddable":true,"href":"https:\/\/hostnetart.com.br\/baixada\/wp-json\/wp\/v2\/categories?post=13454"},{"taxonomy":"post_tag","embeddable":true,"href":"https:\/\/hostnetart.com.br\/baixada\/wp-json\/wp\/v2\/tags?post=13454"}],"curies":[{"name":"wp","href":"https:\/\/api.w.org\/{rel}","templated":true}]}}