{"id":13452,"date":"2022-12-07T16:53:48","date_gmt":"2022-12-07T19:53:48","guid":{"rendered":"https:\/\/hostnetart.com.br\/baixada\/aposentados-e-pensionistas-do-inss-podem-solicitar-isencao-do-iptu\/"},"modified":"2022-12-07T16:53:48","modified_gmt":"2022-12-07T19:53:48","slug":"aposentados-e-pensionistas-do-inss-podem-solicitar-isencao-do-iptu","status":"publish","type":"post","link":"https:\/\/hostnetart.com.br\/baixada\/aposentados-e-pensionistas-do-inss-podem-solicitar-isencao-do-iptu\/","title":{"rendered":"Aposentados e pensionistas do INSS podem solicitar isen\u00e7\u00e3o do IPTU"},"content":{"rendered":"<p>Anualmente, \u00e9 cobrado de todos os propriet\u00e1rios de im\u00f3veis localizados em ambiente urbano, o Imposto Predial e Territorial Urbano (IPTU). Este valor, que \u00e9 destinado \u00e0s prefeituras dos munic\u00edpios, diz respeito a cada im\u00f3vel, e em geral, \u00e9 pago nos primeiros meses do ano de forma parcelada.\u00a0<\/p>\n<p>Entretanto, \u00e9 importante saber que de acordo com a lei, aposentados e pensionistas do Instituto Nacional do Seguro Social (INSS) que se enquadram em algumas regras\u00a0podem conseguir descontos ou at\u00e9 a isen\u00e7\u00e3o do pagamento do imposto.\u00a0<\/p>\n<p>Para isso, \u00e9 necess\u00e1rio que o benefici\u00e1rio n\u00e3o receba mais do que cinco sal\u00e1rios m\u00ednimos ao m\u00eas, ou seja, R$ 6.060. Al\u00e9m disso, o im\u00f3vel precisa estar no nome do benefici\u00e1rio e deve ser comprovado o uso para moradia.\u00a0<\/p>\n<p>Como regra, para solicitar a isen\u00e7\u00e3o do IPTU, o aposentado ou pensionista do INSS n\u00e3o pode ter mais de um im\u00f3vel registrado em seu nome.<\/p>\n<p class=\"ckeditor-subtitle\">Como solicitar<\/p>\n<p>A solicita\u00e7\u00e3o para isen\u00e7\u00e3o do pagamento do imposto deve ser feita anualmente e diretamente com a prefeitura do seu munic\u00edpio.\u00a0<\/p>\n<p>Em geral, os documentos necess\u00e1rios para dar entrada na solicita\u00e7\u00e3o s\u00e3o RG, CPF, Cart\u00e3o do INSS, comprovante de renda atualizado, registro do im\u00f3vel e c\u00f3pia do contrato do im\u00f3vel.\u00a0<\/p>\n<p>Como a coleta \u00e9 de responsabilidade das prefeituras, algumas regras podem mudar. Portanto, \u00e9 importante que voc\u00ea busque se informar do passo a passo necess\u00e1rio, assim como dos demais requisitos para dar entrada na solicita\u00e7\u00e3o, conforme regras da administra\u00e7\u00e3o da sua cidade.\u00a0<\/p>\n<p>Assim que o benef\u00edcio entra em vigor, os comprovantes de isen\u00e7\u00e3o s\u00e3o enviados para o endere\u00e7o do benefici\u00e1rio. Este documento tamb\u00e9m pode ser acessado juntamente \u00e0 Secretaria da Fazenda do munic\u00edpio.<\/p>\n<p><strong>Fonte: Brasil de Fato<\/strong><\/p>\n","protected":false},"excerpt":{"rendered":"<p>Anualmente, \u00e9 cobrado de todos os propriet\u00e1rios de im\u00f3veis localizados em ambiente urbano, o Imposto Predial e Territorial Urbano (IPTU). Este valor, que \u00e9 destinado \u00e0s prefeituras dos munic\u00edpios, diz respeito a cada im\u00f3vel, e em geral, \u00e9 pago nos primeiros meses do ano de forma parcelada.\u00a0 Entretanto, \u00e9 importante saber que de acordo com [&hellip;]<\/p>\n","protected":false},"author":2,"featured_media":13451,"comment_status":"","ping_status":"","sticky":false,"template":"","format":"standard","meta":{"footnotes":""},"categories":[3],"tags":[],"class_list":["post-13452","post","type-post","status-publish","format-standard","has-post-thumbnail","hentry","category-noticias"],"_links":{"self":[{"href":"https:\/\/hostnetart.com.br\/baixada\/wp-json\/wp\/v2\/posts\/13452","targetHints":{"allow":["GET"]}}],"collection":[{"href":"https:\/\/hostnetart.com.br\/baixada\/wp-json\/wp\/v2\/posts"}],"about":[{"href":"https:\/\/hostnetart.com.br\/baixada\/wp-json\/wp\/v2\/types\/post"}],"author":[{"embeddable":true,"href":"https:\/\/hostnetart.com.br\/baixada\/wp-json\/wp\/v2\/users\/2"}],"replies":[{"embeddable":true,"href":"https:\/\/hostnetart.com.br\/baixada\/wp-json\/wp\/v2\/comments?post=13452"}],"version-history":[{"count":0,"href":"https:\/\/hostnetart.com.br\/baixada\/wp-json\/wp\/v2\/posts\/13452\/revisions"}],"wp:featuredmedia":[{"embeddable":true,"href":"https:\/\/hostnetart.com.br\/baixada\/wp-json\/wp\/v2\/media\/13451"}],"wp:attachment":[{"href":"https:\/\/hostnetart.com.br\/baixada\/wp-json\/wp\/v2\/media?parent=13452"}],"wp:term":[{"taxonomy":"category","embeddable":true,"href":"https:\/\/hostnetart.com.br\/baixada\/wp-json\/wp\/v2\/categories?post=13452"},{"taxonomy":"post_tag","embeddable":true,"href":"https:\/\/hostnetart.com.br\/baixada\/wp-json\/wp\/v2\/tags?post=13452"}],"curies":[{"name":"wp","href":"https:\/\/api.w.org\/{rel}","templated":true}]}}