{"id":13450,"date":"2022-12-07T13:25:22","date_gmt":"2022-12-07T16:25:22","guid":{"rendered":"https:\/\/hostnetart.com.br\/baixada\/mais-um-funcionario-do-itau-e-reintegrado-pelo-sindicato-dos-bancarios-da-baixada-fluminense\/"},"modified":"2022-12-07T13:25:22","modified_gmt":"2022-12-07T16:25:22","slug":"mais-um-funcionario-do-itau-e-reintegrado-pelo-sindicato-dos-bancarios-da-baixada-fluminense","status":"publish","type":"post","link":"https:\/\/hostnetart.com.br\/baixada\/mais-um-funcionario-do-itau-e-reintegrado-pelo-sindicato-dos-bancarios-da-baixada-fluminense\/","title":{"rendered":"Mais um funcion\u00e1rio do Ita\u00fa \u00e9 reintegrado pelo Sindicato dos Banc\u00e1rios da Baixada Fluminense"},"content":{"rendered":"<p>Nesta ter\u00e7a-feira, 6 de dezembro, o\u00a0Sindicato dos Banc\u00e1rios da Baixada Fluminense reintegrou mais um funcion\u00e1rio do Banco Ita\u00fa.<\/p>\n<p>Diego Medeiros Pereira, da ag\u00eancia localizada na Estrada Rio-S\u00e3o Paulo, em Nova Igua\u00e7u, foi demitido\u00a0em plena pandemia do novo coronav\u00edrus, contrariando o\u00a0compromisso de n\u00e3o demiss\u00e3o que os grandes bancos assumiram.\u00a0<\/p>\n<p>O processo havia sido julgado improcedente pela 1\u00aa Vara do Trabalho de Nova Igua\u00e7u. Posteriormente, foi apresentado recurso ordin\u00e1rio, tendo sido conhecido e provido pela 7\u00aa Turma do Tribunal Regional do Trabalho &#8211; TRT1.<\/p>\n<p>Os diretores R\u00fabio Barros e Leandro Aresta receberam o banc\u00e1rio, juntamente com o advogado Dr. Luiz Paulo, na Sub-Sede do Sindicato, em Nova Igua\u00e7u.<\/p>\n<p><span style=\"text-decoration: underline;\">IMPORTANTE<\/span><\/p>\n<p>Diego \u00e9 sindicalizado e, logo ap\u00f3s seu desligamento, procurou atendimento no Sindicato dos Banc\u00e1rios da Baixada Fluminense, onde foi prontamente atendido pelos Departamentos Jur\u00eddico e de Sa\u00fade.<\/p>\n<p>\u00c9 fundamental que banc\u00e1rias e banc\u00e1rios, logo que sejam informados de suas demiss\u00f5es, procurem imediatamente atendimento no Sindicato.<\/p>\n<p><strong>SINDICALIZE-SE<\/strong><\/p>\n","protected":false},"excerpt":{"rendered":"<p>Nesta ter\u00e7a-feira, 6 de dezembro, o\u00a0Sindicato dos Banc\u00e1rios da Baixada Fluminense reintegrou mais um funcion\u00e1rio do Banco Ita\u00fa. Diego Medeiros Pereira, da ag\u00eancia localizada na Estrada Rio-S\u00e3o Paulo, em Nova Igua\u00e7u, foi demitido\u00a0em plena pandemia do novo coronav\u00edrus, contrariando o\u00a0compromisso de n\u00e3o demiss\u00e3o que os grandes bancos assumiram.\u00a0 O processo havia sido julgado improcedente pela [&hellip;]<\/p>\n","protected":false},"author":2,"featured_media":13449,"comment_status":"","ping_status":"","sticky":false,"template":"","format":"standard","meta":{"footnotes":""},"categories":[3],"tags":[],"class_list":["post-13450","post","type-post","status-publish","format-standard","has-post-thumbnail","hentry","category-noticias"],"_links":{"self":[{"href":"https:\/\/hostnetart.com.br\/baixada\/wp-json\/wp\/v2\/posts\/13450","targetHints":{"allow":["GET"]}}],"collection":[{"href":"https:\/\/hostnetart.com.br\/baixada\/wp-json\/wp\/v2\/posts"}],"about":[{"href":"https:\/\/hostnetart.com.br\/baixada\/wp-json\/wp\/v2\/types\/post"}],"author":[{"embeddable":true,"href":"https:\/\/hostnetart.com.br\/baixada\/wp-json\/wp\/v2\/users\/2"}],"replies":[{"embeddable":true,"href":"https:\/\/hostnetart.com.br\/baixada\/wp-json\/wp\/v2\/comments?post=13450"}],"version-history":[{"count":0,"href":"https:\/\/hostnetart.com.br\/baixada\/wp-json\/wp\/v2\/posts\/13450\/revisions"}],"wp:featuredmedia":[{"embeddable":true,"href":"https:\/\/hostnetart.com.br\/baixada\/wp-json\/wp\/v2\/media\/13449"}],"wp:attachment":[{"href":"https:\/\/hostnetart.com.br\/baixada\/wp-json\/wp\/v2\/media?parent=13450"}],"wp:term":[{"taxonomy":"category","embeddable":true,"href":"https:\/\/hostnetart.com.br\/baixada\/wp-json\/wp\/v2\/categories?post=13450"},{"taxonomy":"post_tag","embeddable":true,"href":"https:\/\/hostnetart.com.br\/baixada\/wp-json\/wp\/v2\/tags?post=13450"}],"curies":[{"name":"wp","href":"https:\/\/api.w.org\/{rel}","templated":true}]}}