{"id":13446,"date":"2022-12-06T15:23:41","date_gmt":"2022-12-06T18:23:41","guid":{"rendered":"https:\/\/hostnetart.com.br\/baixada\/precisamos-recuperar-os-bancos-publicos-para-reconstruir-o-pais\/"},"modified":"2022-12-06T15:23:41","modified_gmt":"2022-12-06T18:23:41","slug":"precisamos-recuperar-os-bancos-publicos-para-reconstruir-o-pais","status":"publish","type":"post","link":"https:\/\/hostnetart.com.br\/baixada\/precisamos-recuperar-os-bancos-publicos-para-reconstruir-o-pais\/","title":{"rendered":"Precisamos recuperar os bancos p\u00fablicos para reconstruir o pa\u00eds"},"content":{"rendered":"<p>Com o andamento dos trabalhos da equipe de transi\u00e7\u00e3o, surgem, a cada dia, diversas propostas para o pr\u00f3ximo governo colocar em pr\u00e1tica. \u201cIsto \u00e9 perfeitamente compreens\u00edvel. Ser\u00e1 um governo democr\u00e1tico, sustentado por uma frente ampla. Cada segmento quer apresentar suas propostas e v\u00ea-las serem colocadas em pr\u00e1tica\u201d, afirmou a presidenta da Confedera\u00e7\u00e3o Nacional dos Trabalhadores do Ramo Financeiro (Contraf-CUT) e coordenadora do Comando Nacional dos Banc\u00e1rios, Juvandia Moreira.<\/p>\n<p>Juvandia, que participou, na quinta-feira (1\u00ba\/12), da\u00a0<a href=\"https:\/\/www.cartacapital.com.br\/politica\/as-demandas-dos-sindicatos-para-o-novo-governo-lula\/\" target=\"_blank\" rel=\"noopener noreferrer\">reuni\u00e3o de sindicalistas com presidente eleito<\/a>, Luiz In\u00e1cio Lula da Silva, disse ainda que a Contraf-CUT tamb\u00e9m debate, j\u00e1 faz muito tempo, sobre os problemas do pa\u00eds e tem propostas para solucion\u00e1-los. \u201cNo nosso \u00faltimo Congresso, por exemplo, as reflex\u00f5es giraram sobre o tema \u2018Reconstruir o Brasil que a gente quer\u2019\u201d, lembrou a presidenta da Contraf-CUT. \u201c\u00c9 p\u00fablico que defendemos a recupera\u00e7\u00e3o do papel dos bancos p\u00fablicos de incentivador do desenvolvimento com distribui\u00e7\u00e3o de renda. Eles precisam ter for\u00e7a para ajudar a reconstruir o nosso pa\u00eds, for\u00e7a para reverter a irresponsabilidade de suas gest\u00f5es, que, ao que tudo indica, foram prejudicados pela busca desenfreada de privatiza\u00e7\u00e3o e pela reelei\u00e7\u00e3o do atual presidente da Rep\u00fablica. Mas, o momento \u00e9 de transi\u00e7\u00e3o. Nossas propostas ser\u00e3o apresentadas ao pr\u00f3ximo governo, no momento oportuno, para defendermos os interesses da classe trabalhadora e da categoria banc\u00e1ria em espec\u00edfico\u201d, completou.<\/p>\n<p>\u00a0\u00a0\u00a0\u00a0\u00a0<strong>&gt;&gt;&gt;&gt;&gt;<\/strong>\u00a0<a href=\"https:\/\/www.cartacapital.com.br\/politica\/as-demandas-dos-sindicatos-para-o-novo-governo-lula\/\" target=\"_blank\" rel=\"noopener noreferrer\">As demandas dos sindicatos para o novo governo Lula<\/a><\/p>\n<h3><strong>Ataques aos bancos p\u00fablicos<\/strong><\/h3>\n<p>\u201cAlgumas das medidas tomadas pelas gest\u00f5es dos bancos p\u00fablicos, desde 2017, os levaram \u00e0 beira da destrui\u00e7\u00e3o\u201d, afirmou o empregado da Caixa Econ\u00f4mica Federal e diretor da Contraf-CUT, Rafael de Castro. \u201cS\u00e3o medidas que prejudicam a atua\u00e7\u00e3o dos bancos p\u00fablicos como fomentador do desenvolvimento econ\u00f4mico e social com justi\u00e7a e respeito \u00e0s realidades regionais e diferen\u00e7as socioecon\u00f4micas da nossa popula\u00e7\u00e3o\u201d, completou (veja abaixo algumas destas medidas).<\/p>\n<ul>\n<li>Transforma\u00e7\u00e3o de segmentos altamente rent\u00e1veis dos bancos p\u00fablicos em empresas subsidi\u00e1rias e posterior privatiza\u00e7\u00e3o das mesmas;<\/li>\n<li>Redu\u00e7\u00e3o da liquidez, com a consequente perda do poder de investimentos;<\/li>\n<li>Abertura de planos de demiss\u00f5es volunt\u00e1rias para a diminui\u00e7\u00e3o do quadro de pessoal;<\/li>\n<li>Desvaloriza\u00e7\u00e3o dos empregados e desincentivo \u00e0 continuidade na carreira;<\/li>\n<li>Persegui\u00e7\u00e3o e ataque a qualquer opini\u00e3o que contrariasse a posi\u00e7\u00e3o do governo;<\/li>\n<li>Mudan\u00e7a do perfil de atua\u00e7\u00e3o social e de fomentador do desenvolvimento regional para adapta\u00e7\u00e3o aos padr\u00f5es comerciais do mercado.<\/li>\n<\/ul>\n<p>\u201cQueremos um banco p\u00fablico que esteja presente nas periferias e cidades pequenas, e que trate com respeito e dignidade os funcion\u00e1rios, para que estes n\u00e3o sejam mais submetidos a metas abusivas\u201d, disse coordenador da Comiss\u00e3o de Empresa dos Funcion\u00e1rios do Banco do Brasil (CEBB), Jo\u00e3o Fukunaga, ao lembrar que nos \u00faltimos anos foram fechadas 1.500 ag\u00eancias e houve uma redu\u00e7\u00e3o de 10 mil postos de trabalho no BB.<\/p>\n<p>\u201cO pr\u00f3ximo governo ser\u00e1 diferente do atual. Lula j\u00e1 afirmou diversas vezes que vai voltar a utilizar os bancos p\u00fablicos para fomentar o desenvolvimento econ\u00f4mico e social. Al\u00e9m disso, trata-se de um governo popular e democr\u00e1tico, que j\u00e1 est\u00e1 ouvindo e, com certeza, vai respeitar a categoria e classe trabalhadora como um todo\u201d, afirmou Fukunaga.<\/p>\n<h3><strong>Descapitaliza\u00e7\u00e3o e uso pol\u00edtico<\/strong><\/h3>\n<p>No apagar das luzes de seu mandato, o atual presidente da Rep\u00fablica e seu ministro da Economia continuam com os ataques contra os bancos p\u00fablicos. Na quarta-feira (30\/11), a imprensa noticiou que a\u00a0<a href=\"https:\/\/valor.globo.com\/financas\/noticia\/2022\/11\/30\/caixa-aprova-plano-para-devolver-r-211-bilhoes-ao-tesouro-ate-2026.ghtml\" target=\"_blank\" rel=\"noopener noreferrer\">Caixa aprovou um plano para devolver R$ 21,1 bilh\u00f5es ao Tesouro Nacional<\/a>\u00a0referentes aos contratos de Instrumentos H\u00edbridos de Capital e Divida (IHCDS), firmados entre a Caixa e a Uni\u00e3o, que foram capitalizados durante as gest\u00f5es petistas.<\/p>\n<p>O acordo prev\u00ea a devolu\u00e7\u00e3o de R$ 3 bilh\u00f5es ainda neste ano. O restante ser\u00e1 devolvido de forma parcelada: R$ 5 bilh\u00f5es em 2023, R$ 6,3 bilh\u00f5es em 2025 e R$ 6,8 bilh\u00f5es em 2026.<\/p>\n<p>Para t\u00e9cnicos da Caixa, a devolu\u00e7\u00e3o da forma como foi estabelecido pode comprometer a liquidez do banco no futuro e prejudicar a gest\u00e3o a ser indicada pelo presidente eleito Luiz In\u00e1cio Lula da Silva.<\/p>\n<p>Na avalia\u00e7\u00e3o de Rita Serrano, eleita pelos empregados para representa-los no Conselho de administra\u00e7\u00e3o da Caixa, que foi contra a proposta, a devolu\u00e7\u00e3o pode causar \u201cs\u00e9rios danos\u201d \u00e0 institui\u00e7\u00e3o, \u201cincentivar medidas de privatiza\u00e7\u00e3o das opera\u00e7\u00f5es do banco, reduzir sua capacidade operacional de atua\u00e7\u00e3o como fomentador do cr\u00e9dito e limitar investimentos na gest\u00e3o do pr\u00f3ximo governo\u201d.<\/p>\n<p>Al\u00e9m da Caixa, os demais bancos p\u00fablicos tamb\u00e9m sofrem com o processo de descapitaliza\u00e7\u00e3o. Em setembro, atendendo pedido do Minist\u00e9rio da Economia, o Tribunal de Contas da Uni\u00e3o determinou que todos os bancos apresentassem um cronograma de devolu\u00e7\u00e3o de recursos ao Tesouro. O BNDES informou que ser\u00e3o devolvidos quase R$ 70 bilh\u00f5es at\u00e9 o fim de 2023. O BB far\u00e1 um pagamento antecipado de R$ 1 bilh\u00e3o neste ano e outros R$ 71 bilh\u00f5es at\u00e9 2028.<\/p>\n<p><strong>&gt;&gt;&gt;&gt;&gt;<\/strong>\u00a0<a href=\"https:\/\/contrafcut.com.br\/noticias\/funcionarios-reivindicam-fortalecimento-do-bb-publico-junto-ao-governo-eleito\/?swcfpc=1\">Funcion\u00e1rios reivindicam fortalecimento do BB p\u00fablico na equipe do governo eleito<\/a><\/p>\n<h3><strong>Cr\u00e9dito para poucos<\/strong><\/h3>\n<p>A Caixa Econ\u00f4mica Federal, que foi acusada de, durante o per\u00edodo eleitoral oferecer cr\u00e9dito de maneira irrespons\u00e1vel, at\u00e9 para que n\u00e3o tinha como quitar os empr\u00e9stimos, atitude classificada como de car\u00e1ter eleitoral, desacelerou a concess\u00e3o de cr\u00e9dito ap\u00f3s as elei\u00e7\u00f5es, alegando apenas que a concess\u00e3o de cr\u00e9dito obedece a crit\u00e9rios internos de governan\u00e7a.<\/p>\n<p>A verdade \u00e9 que, antes das elei\u00e7\u00f5es presidenciais,\u00a0<a href=\"https:\/\/www.terra.com.br\/economia\/contra-a-mare-caixa-renova-aposta-no-credito-imobiliario,32594dde71dbe87f4921b324b74d8ffezjszvfd2.html\" target=\"_blank\" rel=\"noopener noreferrer\">enquanto outros bancos desaceleravam<\/a>\u00a0as concess\u00f5es diante da alta da Selic e do aumento da inadimpl\u00eancia, a Caixa criou produtos como o microcr\u00e9dito para clientes negativados, acelerou no cr\u00e9dito imobili\u00e1rio, com taxas promocionais e pacotes especiais para o financiamento \u00e0 constru\u00e7\u00e3o. Tais medidas levaram ao estouro do or\u00e7amento do banco para a carteira de cr\u00e9dito, sem que houvesse capta\u00e7\u00e3o suficiente de recursos para suplantar as concess\u00f5es.<\/p>\n<p>\u201cAtualmente, a Caixa fechou linhas de cr\u00e9dito. As novas contrata\u00e7\u00f5es s\u00e3o somente com quem tem muito dinheiro\u201d, disse Rafael de Castro. \u201cIsso \u00e9 ruim para o banco e para os empregados, que n\u00e3o t\u00eam como cumprir as metas estabelecidas pelo banco\u201d, explicou.<\/p>\n<p>Esse cavalo de pau na pol\u00edtica de cr\u00e9dito do banco fez com que o Minist\u00e9rio P\u00fablico abrisse, nesta quarta-feira (30)\u00a0<a href=\"https:\/\/valor.globo.com\/politica\/noticia\/2022\/11\/30\/ministerio-publico-pede-investigacao-de-diretoria-da-caixa-por-mudanca-no-consignado-do-auxilio-brasil.ghtml\" target=\"_blank\" rel=\"noopener noreferrer\">mais um procedimento de investiga\u00e7\u00e3o contra a diretoria do banco<\/a>. Passado o segundo turno das elei\u00e7\u00f5es presidenciais, em novembro, a Caixa passou a adotar crit\u00e9rios rigorosos para a concess\u00e3o do cr\u00e9dito. Na ocasi\u00e3o, o estou no or\u00e7amento, que era de R$ 892 bilh\u00f5es, j\u00e1 havia ocorrido, tendo alcan\u00e7ado R$ 994 bilh\u00f5es na carteira de cr\u00e9dito.<\/p>\n<p>Al\u00e9m do MP, tendo como base os n\u00fameros dos \u00faltimos balan\u00e7os e not\u00edcias divulgadas pela imprensa, auditores do Tribunal de Contas da Uni\u00e3o (TCU) tamb\u00e9m j\u00e1 estavam de olho na mudan\u00e7a de crit\u00e9rio e nos \u00edndices de liquidez e solv\u00eancia da Caixa.<\/p>\n<p><strong>Fonte: Contraf-CUT<\/strong><\/p>\n","protected":false},"excerpt":{"rendered":"<p>Com o andamento dos trabalhos da equipe de transi\u00e7\u00e3o, surgem, a cada dia, diversas propostas para o pr\u00f3ximo governo colocar em pr\u00e1tica. \u201cIsto \u00e9 perfeitamente compreens\u00edvel. Ser\u00e1 um governo democr\u00e1tico, sustentado por uma frente ampla. Cada segmento quer apresentar suas propostas e v\u00ea-las serem colocadas em pr\u00e1tica\u201d, afirmou a presidenta da Confedera\u00e7\u00e3o Nacional dos Trabalhadores [&hellip;]<\/p>\n","protected":false},"author":2,"featured_media":13445,"comment_status":"","ping_status":"","sticky":false,"template":"","format":"standard","meta":{"footnotes":""},"categories":[3],"tags":[],"class_list":["post-13446","post","type-post","status-publish","format-standard","has-post-thumbnail","hentry","category-noticias"],"_links":{"self":[{"href":"https:\/\/hostnetart.com.br\/baixada\/wp-json\/wp\/v2\/posts\/13446","targetHints":{"allow":["GET"]}}],"collection":[{"href":"https:\/\/hostnetart.com.br\/baixada\/wp-json\/wp\/v2\/posts"}],"about":[{"href":"https:\/\/hostnetart.com.br\/baixada\/wp-json\/wp\/v2\/types\/post"}],"author":[{"embeddable":true,"href":"https:\/\/hostnetart.com.br\/baixada\/wp-json\/wp\/v2\/users\/2"}],"replies":[{"embeddable":true,"href":"https:\/\/hostnetart.com.br\/baixada\/wp-json\/wp\/v2\/comments?post=13446"}],"version-history":[{"count":0,"href":"https:\/\/hostnetart.com.br\/baixada\/wp-json\/wp\/v2\/posts\/13446\/revisions"}],"wp:featuredmedia":[{"embeddable":true,"href":"https:\/\/hostnetart.com.br\/baixada\/wp-json\/wp\/v2\/media\/13445"}],"wp:attachment":[{"href":"https:\/\/hostnetart.com.br\/baixada\/wp-json\/wp\/v2\/media?parent=13446"}],"wp:term":[{"taxonomy":"category","embeddable":true,"href":"https:\/\/hostnetart.com.br\/baixada\/wp-json\/wp\/v2\/categories?post=13446"},{"taxonomy":"post_tag","embeddable":true,"href":"https:\/\/hostnetart.com.br\/baixada\/wp-json\/wp\/v2\/tags?post=13446"}],"curies":[{"name":"wp","href":"https:\/\/api.w.org\/{rel}","templated":true}]}}