{"id":13444,"date":"2022-12-06T14:44:47","date_gmt":"2022-12-06T17:44:47","guid":{"rendered":"https:\/\/hostnetart.com.br\/baixada\/sindicato-dos-bancarios-da-baixada-fluminense-participa-do-dia-nacional-de-luta-contra-a-compensacao-das-horas-no-santander\/"},"modified":"2022-12-06T14:44:47","modified_gmt":"2022-12-06T17:44:47","slug":"sindicato-dos-bancarios-da-baixada-fluminense-participa-do-dia-nacional-de-luta-contra-a-compensacao-das-horas-no-santander","status":"publish","type":"post","link":"https:\/\/hostnetart.com.br\/baixada\/sindicato-dos-bancarios-da-baixada-fluminense-participa-do-dia-nacional-de-luta-contra-a-compensacao-das-horas-no-santander\/","title":{"rendered":"Sindicato dos Banc\u00e1rios da Baixada Fluminense participa do Dia Nacional de Luta Contra a Compensa\u00e7\u00e3o das Horas no Santander"},"content":{"rendered":"<p>Nesta ter\u00e7a-feira, 6 de dezembro, o Sindicato dos Banc\u00e1rios da Baixada Fluminense percorreu ag\u00eancias do Santander de sua base, em Duque de Caxias, para protestar contra o mau exemplo de relacionamento entre o Banco Santander e seus funcion\u00e1rios.<\/p>\n<p>Foi o Dia Nacional de Luta Contra a Compensa\u00e7\u00e3o das Horas, j\u00e1 que o banco espanhol \u00e9 o \u00fanico a exigir que seus funcion\u00e1rios compensem as horas n\u00e3o trabalhadas nos dias de jogos do Brasil na Copa do Mundo.<\/p>\n<p>Em todo o Brasil, ocorreram atos e manifesta\u00e7\u00f5es nas ag\u00eancias banc\u00e1rias.<\/p>\n<p>Um mau exemplo que, se n\u00e3o combatido por n\u00f3s, pode ser seguido por outros bancos, como j\u00e1 aconteceu com as terceiriza\u00e7\u00f5es de setores inteiros do banco.<\/p>\n<div class=\"itemFullText\">\n<p><em>*Confira todas as fotos em nossas redes sociais<\/em><\/p>\n<\/div>\n<div class=\"clr\">\u00a0<\/div>\n","protected":false},"excerpt":{"rendered":"<p>Nesta ter\u00e7a-feira, 6 de dezembro, o Sindicato dos Banc\u00e1rios da Baixada Fluminense percorreu ag\u00eancias do Santander de sua base, em Duque de Caxias, para protestar contra o mau exemplo de relacionamento entre o Banco Santander e seus funcion\u00e1rios. Foi o Dia Nacional de Luta Contra a Compensa\u00e7\u00e3o das Horas, j\u00e1 que o banco espanhol \u00e9 [&hellip;]<\/p>\n","protected":false},"author":2,"featured_media":13443,"comment_status":"","ping_status":"","sticky":false,"template":"","format":"standard","meta":{"footnotes":""},"categories":[3],"tags":[],"class_list":["post-13444","post","type-post","status-publish","format-standard","has-post-thumbnail","hentry","category-noticias"],"_links":{"self":[{"href":"https:\/\/hostnetart.com.br\/baixada\/wp-json\/wp\/v2\/posts\/13444","targetHints":{"allow":["GET"]}}],"collection":[{"href":"https:\/\/hostnetart.com.br\/baixada\/wp-json\/wp\/v2\/posts"}],"about":[{"href":"https:\/\/hostnetart.com.br\/baixada\/wp-json\/wp\/v2\/types\/post"}],"author":[{"embeddable":true,"href":"https:\/\/hostnetart.com.br\/baixada\/wp-json\/wp\/v2\/users\/2"}],"replies":[{"embeddable":true,"href":"https:\/\/hostnetart.com.br\/baixada\/wp-json\/wp\/v2\/comments?post=13444"}],"version-history":[{"count":0,"href":"https:\/\/hostnetart.com.br\/baixada\/wp-json\/wp\/v2\/posts\/13444\/revisions"}],"wp:featuredmedia":[{"embeddable":true,"href":"https:\/\/hostnetart.com.br\/baixada\/wp-json\/wp\/v2\/media\/13443"}],"wp:attachment":[{"href":"https:\/\/hostnetart.com.br\/baixada\/wp-json\/wp\/v2\/media?parent=13444"}],"wp:term":[{"taxonomy":"category","embeddable":true,"href":"https:\/\/hostnetart.com.br\/baixada\/wp-json\/wp\/v2\/categories?post=13444"},{"taxonomy":"post_tag","embeddable":true,"href":"https:\/\/hostnetart.com.br\/baixada\/wp-json\/wp\/v2\/tags?post=13444"}],"curies":[{"name":"wp","href":"https:\/\/api.w.org\/{rel}","templated":true}]}}