{"id":13440,"date":"2022-12-06T01:01:11","date_gmt":"2022-12-06T04:01:11","guid":{"rendered":"https:\/\/hostnetart.com.br\/baixada\/apos-mes-da-consciencia-negra-combate-ao-racismo-deve-continuar\/"},"modified":"2022-12-06T01:01:11","modified_gmt":"2022-12-06T04:01:11","slug":"apos-mes-da-consciencia-negra-combate-ao-racismo-deve-continuar","status":"publish","type":"post","link":"https:\/\/hostnetart.com.br\/baixada\/apos-mes-da-consciencia-negra-combate-ao-racismo-deve-continuar\/","title":{"rendered":"Ap\u00f3s M\u00eas da Consci\u00eancia Negra, combate ao racismo deve continuar"},"content":{"rendered":"<p>Casos de racismo que foram noticiados recentemente, como a agress\u00e3o a um m\u00fasico em Curitiba apenas por ser negro e a foto de capa do\u00a0<em>Estad\u00e3o<\/em>\u00a0que mostra uma m\u00e3o negra com uma arma para ilustrar a not\u00edcia de um neonazista branco que matou ao menos quatro pessoas em escolas no Esp\u00edrito Santo, confirmam que a luta contra a discrimina\u00e7\u00e3o deve ser cotidiana. Essa \u00e9 a vis\u00e3o do secret\u00e1rio de Combate ao Racismo da Confedera\u00e7\u00e3o Nacional dos Trabalhadores do Ramo Financeiro (Contraf-CUT), Almir Aguiar.<\/p>\n<p>Em sua participa\u00e7\u00e3o no ContrafCast desta quinta-feira (1\u00ba), com media\u00e7\u00e3o de Andr\u00e9 Accarini, Almir, que tamb\u00e9m \u00e9 militante do Movimento Negro Unificado (MNU), faz um balan\u00e7o do M\u00eas da Consci\u00eancia Negra, encerrado ontem, fala das perspectivas do futuro governo de Luiz In\u00e1cio Lula da Silva e traz refer\u00eancias a importantes personalidades negras na constru\u00e7\u00e3o da sociedade brasileira ao longo da hist\u00f3ria, como Gilberto Gil, Andr\u00e9 Rebou\u00e7as, Machado de Assis e Luiz Gama, entre tantos outros.<\/p>\n<p>Ou\u00e7a o podcast nos canais da Contraf-CUT do\u00a0<a href=\"https:\/\/open.spotify.com\/episode\/0bmN85BrmwguWRmzr31XD5\" target=\"_blank\" rel=\"noopener noreferrer\">Spotify<\/a>\u00a0ou do\u00a0<a href=\"https:\/\/soundcloud.com\/user-470462729\/contrafcast-balanco-do-mes-da-consciencia-negra-racismo-deve-combatido-todos-os-dias?si=294ba4e96f174ec78269485348621549&amp;utm_source=clipboard&amp;utm_medium=text&amp;utm_campaign=social_sharing\" target=\"_blank\" rel=\"noopener noreferrer\">SoundCloud<\/a>.<\/p>\n<p><strong>Fonte: Contraf-CUT<\/strong><\/p>\n","protected":false},"excerpt":{"rendered":"<p>Casos de racismo que foram noticiados recentemente, como a agress\u00e3o a um m\u00fasico em Curitiba apenas por ser negro e a foto de capa do\u00a0Estad\u00e3o\u00a0que mostra uma m\u00e3o negra com uma arma para ilustrar a not\u00edcia de um neonazista branco que matou ao menos quatro pessoas em escolas no Esp\u00edrito Santo, confirmam que a luta [&hellip;]<\/p>\n","protected":false},"author":2,"featured_media":13439,"comment_status":"","ping_status":"","sticky":false,"template":"","format":"standard","meta":{"footnotes":""},"categories":[3],"tags":[],"class_list":["post-13440","post","type-post","status-publish","format-standard","has-post-thumbnail","hentry","category-noticias"],"_links":{"self":[{"href":"https:\/\/hostnetart.com.br\/baixada\/wp-json\/wp\/v2\/posts\/13440","targetHints":{"allow":["GET"]}}],"collection":[{"href":"https:\/\/hostnetart.com.br\/baixada\/wp-json\/wp\/v2\/posts"}],"about":[{"href":"https:\/\/hostnetart.com.br\/baixada\/wp-json\/wp\/v2\/types\/post"}],"author":[{"embeddable":true,"href":"https:\/\/hostnetart.com.br\/baixada\/wp-json\/wp\/v2\/users\/2"}],"replies":[{"embeddable":true,"href":"https:\/\/hostnetart.com.br\/baixada\/wp-json\/wp\/v2\/comments?post=13440"}],"version-history":[{"count":0,"href":"https:\/\/hostnetart.com.br\/baixada\/wp-json\/wp\/v2\/posts\/13440\/revisions"}],"wp:featuredmedia":[{"embeddable":true,"href":"https:\/\/hostnetart.com.br\/baixada\/wp-json\/wp\/v2\/media\/13439"}],"wp:attachment":[{"href":"https:\/\/hostnetart.com.br\/baixada\/wp-json\/wp\/v2\/media?parent=13440"}],"wp:term":[{"taxonomy":"category","embeddable":true,"href":"https:\/\/hostnetart.com.br\/baixada\/wp-json\/wp\/v2\/categories?post=13440"},{"taxonomy":"post_tag","embeddable":true,"href":"https:\/\/hostnetart.com.br\/baixada\/wp-json\/wp\/v2\/tags?post=13440"}],"curies":[{"name":"wp","href":"https:\/\/api.w.org\/{rel}","templated":true}]}}