{"id":13438,"date":"2022-12-02T20:44:24","date_gmt":"2022-12-02T23:44:24","guid":{"rendered":"https:\/\/hostnetart.com.br\/baixada\/nota-de-falecimento-8\/"},"modified":"2022-12-02T20:44:24","modified_gmt":"2022-12-02T23:44:24","slug":"nota-de-falecimento-8","status":"publish","type":"post","link":"https:\/\/hostnetart.com.br\/baixada\/nota-de-falecimento-8\/","title":{"rendered":"Nota de falecimento"},"content":{"rendered":"<p>O Sindicato dos Banc\u00e1rios da Baixada Fluminense lamenta o\u00a0falecimento de\u00a0Nelson Lentini, ex-presidente da Federa\u00e7\u00e3o dos Trabalhadores do Ramo Financeiro dos Estados do Rio de Janeiro e Esp\u00edrito Santo (Fetraf-RJ\/ES).<\/p>\n<p>Nelson deixa um legado de resist\u00eancia e combatividade a toda a categoria banc\u00e1ria.<\/p>\n<p>Toda solidariedade \u00e0 familia, amigos e companheiros de luta.\u00a0<\/p>\n<p>Lentini, presente!\u00a0<\/p>\n<p>\u00a0<\/p>\n","protected":false},"excerpt":{"rendered":"<p>O Sindicato dos Banc\u00e1rios da Baixada Fluminense lamenta o\u00a0falecimento de\u00a0Nelson Lentini, ex-presidente da Federa\u00e7\u00e3o dos Trabalhadores do Ramo Financeiro dos Estados do Rio de Janeiro e Esp\u00edrito Santo (Fetraf-RJ\/ES). Nelson deixa um legado de resist\u00eancia e combatividade a toda a categoria banc\u00e1ria. Toda solidariedade \u00e0 familia, amigos e companheiros de luta.\u00a0 Lentini, presente!\u00a0 \u00a0<\/p>\n","protected":false},"author":2,"featured_media":13437,"comment_status":"","ping_status":"","sticky":false,"template":"","format":"standard","meta":{"footnotes":""},"categories":[3],"tags":[],"class_list":["post-13438","post","type-post","status-publish","format-standard","has-post-thumbnail","hentry","category-noticias"],"_links":{"self":[{"href":"https:\/\/hostnetart.com.br\/baixada\/wp-json\/wp\/v2\/posts\/13438","targetHints":{"allow":["GET"]}}],"collection":[{"href":"https:\/\/hostnetart.com.br\/baixada\/wp-json\/wp\/v2\/posts"}],"about":[{"href":"https:\/\/hostnetart.com.br\/baixada\/wp-json\/wp\/v2\/types\/post"}],"author":[{"embeddable":true,"href":"https:\/\/hostnetart.com.br\/baixada\/wp-json\/wp\/v2\/users\/2"}],"replies":[{"embeddable":true,"href":"https:\/\/hostnetart.com.br\/baixada\/wp-json\/wp\/v2\/comments?post=13438"}],"version-history":[{"count":0,"href":"https:\/\/hostnetart.com.br\/baixada\/wp-json\/wp\/v2\/posts\/13438\/revisions"}],"wp:featuredmedia":[{"embeddable":true,"href":"https:\/\/hostnetart.com.br\/baixada\/wp-json\/wp\/v2\/media\/13437"}],"wp:attachment":[{"href":"https:\/\/hostnetart.com.br\/baixada\/wp-json\/wp\/v2\/media?parent=13438"}],"wp:term":[{"taxonomy":"category","embeddable":true,"href":"https:\/\/hostnetart.com.br\/baixada\/wp-json\/wp\/v2\/categories?post=13438"},{"taxonomy":"post_tag","embeddable":true,"href":"https:\/\/hostnetart.com.br\/baixada\/wp-json\/wp\/v2\/tags?post=13438"}],"curies":[{"name":"wp","href":"https:\/\/api.w.org\/{rel}","templated":true}]}}