{"id":13430,"date":"2022-12-01T03:46:30","date_gmt":"2022-12-01T06:46:30","guid":{"rendered":"https:\/\/hostnetart.com.br\/baixada\/presidenta-da-contraf-cut-recebe-titulo-de-cidada-carioca\/"},"modified":"2022-12-01T03:46:30","modified_gmt":"2022-12-01T06:46:30","slug":"presidenta-da-contraf-cut-recebe-titulo-de-cidada-carioca","status":"publish","type":"post","link":"https:\/\/hostnetart.com.br\/baixada\/presidenta-da-contraf-cut-recebe-titulo-de-cidada-carioca\/","title":{"rendered":"Presidenta da Contraf-CUT recebe t\u00edtulo de cidad\u00e3 carioca"},"content":{"rendered":"<p>A\u00a0 Presidenta da Confedera\u00e7\u00e3o Nacional dos Trabalhadores do Ramo Financeiro (Contraf-CUT), Juvandia Moreira Leite, da qual o Sindicato dos Banc\u00e1rios da Baixada Fluminense faz parte, recebeu\u00a0o t\u00edtulo de Cidad\u00e3 Honor\u00e1ria do Munic\u00edpio do Rio de Janeiro,\u00a0nesta quarta-feira, 30 de novembro.<\/p>\n<p>A cerim\u00f4nia de entrega do t\u00edtulo aconteceu no Sal\u00e3o Nobre da C\u00e2mara Municipal do Rio de Janeiro e p\u00f4de ser acompanhada pela TV C\u00e2mara do Rio.<\/p>\n<p>\u201cJuvandia tem se destacado na defesa do trabalhador e da trabalhadora, de modo particular do ramo financeiro, que no Brasil \u00e9 t\u00e3o explorado\u201d, disse o vereador Reimont (PT-Rio de Janeiro), que \u00e9 banc\u00e1rio do Banco do Brasil, ao lembrar que o Rio de Janeiro \u00e9 uma cidade que conta com um grande contingente da categoria.<\/p>\n<p>Reimont, que \u00e9 foi eleito deputado federal nas \u00faltimas elei\u00e7\u00f5es, ressaltou que o sistema financeiro emprega muita gente e tamb\u00e9m demite muita gente na cidade. \u201cSabemos que a busca insana dos bancos pelo lucro tem levado a categoria banc\u00e1ria ao adoecimento. Sabemos tamb\u00e9m o que foi a reforma trabalhista do governo de Temer, o que foi a derrocada dos direitos das trabalhadoras e trabalhadores, notadamente dos banc\u00e1rios e banc\u00e1rias e de todo o sistema financeiro\u201d, observou.<\/p>\n<p>Para o vereador, a presidenta da Contraf-CUT n\u00e3o mede esfor\u00e7os para organizar a resist\u00eancia contra os ataques desferidos contra os trabalhadores. \u201cPor isso, a C\u00e2mara Municipal do Rio de Janeiro e eu, como vereador e como banc\u00e1rio do Banco do Brasil, compreendemos a import\u00e2ncia desta atua\u00e7\u00e3o da Juvandia e decidimos homenage\u00e1-la com o t\u00edtulo de cidad\u00e3 carioca\u201d, explicou. \u201cNossa inten\u00e7\u00e3o \u00e9 refor\u00e7ar essa luta que consideramos t\u00e3o importante. E a Juvandia enobrece ainda mais a galeria dos homenageados, que tendo prestado servi\u00e7os relevantes \u00e0 sociedade brasileira, s\u00e3o reconhecidos por esta casa legislativa, que \u00e9 uma das mais importantes do pa\u00eds\u201d, completou Reimont.<\/p>\n<p>\u201cMe sinto honrada por receber este t\u00edtulo de cidad\u00e3 carioca, cidad\u00e3 do Rio de Janeiro, uma cidade que \u00e9 bonita por natureza, mas n\u00e3o apenas por suas belas paisagens, como tamb\u00e9m pelo seu povo trabalhador, por sua cultura e hist\u00f3ria, que tanto contribuiu e contribui para o pa\u00eds\u201d, disse a homenageada. \u201cE partilho do mesmo desejo do vereador Reimont, para que este t\u00edtulo sirva para refor\u00e7ar a luta em defesa dos trabalhadores e de seus direitos\u201d.<\/p>\n<p><strong>Fonte: Contraf-CUT<\/strong><\/p>\n","protected":false},"excerpt":{"rendered":"<p>A\u00a0 Presidenta da Confedera\u00e7\u00e3o Nacional dos Trabalhadores do Ramo Financeiro (Contraf-CUT), Juvandia Moreira Leite, da qual o Sindicato dos Banc\u00e1rios da Baixada Fluminense faz parte, recebeu\u00a0o t\u00edtulo de Cidad\u00e3 Honor\u00e1ria do Munic\u00edpio do Rio de Janeiro,\u00a0nesta quarta-feira, 30 de novembro. A cerim\u00f4nia de entrega do t\u00edtulo aconteceu no Sal\u00e3o Nobre da C\u00e2mara Municipal do Rio [&hellip;]<\/p>\n","protected":false},"author":2,"featured_media":13429,"comment_status":"","ping_status":"","sticky":false,"template":"","format":"standard","meta":{"footnotes":""},"categories":[3],"tags":[],"class_list":["post-13430","post","type-post","status-publish","format-standard","has-post-thumbnail","hentry","category-noticias"],"_links":{"self":[{"href":"https:\/\/hostnetart.com.br\/baixada\/wp-json\/wp\/v2\/posts\/13430","targetHints":{"allow":["GET"]}}],"collection":[{"href":"https:\/\/hostnetart.com.br\/baixada\/wp-json\/wp\/v2\/posts"}],"about":[{"href":"https:\/\/hostnetart.com.br\/baixada\/wp-json\/wp\/v2\/types\/post"}],"author":[{"embeddable":true,"href":"https:\/\/hostnetart.com.br\/baixada\/wp-json\/wp\/v2\/users\/2"}],"replies":[{"embeddable":true,"href":"https:\/\/hostnetart.com.br\/baixada\/wp-json\/wp\/v2\/comments?post=13430"}],"version-history":[{"count":0,"href":"https:\/\/hostnetart.com.br\/baixada\/wp-json\/wp\/v2\/posts\/13430\/revisions"}],"wp:featuredmedia":[{"embeddable":true,"href":"https:\/\/hostnetart.com.br\/baixada\/wp-json\/wp\/v2\/media\/13429"}],"wp:attachment":[{"href":"https:\/\/hostnetart.com.br\/baixada\/wp-json\/wp\/v2\/media?parent=13430"}],"wp:term":[{"taxonomy":"category","embeddable":true,"href":"https:\/\/hostnetart.com.br\/baixada\/wp-json\/wp\/v2\/categories?post=13430"},{"taxonomy":"post_tag","embeddable":true,"href":"https:\/\/hostnetart.com.br\/baixada\/wp-json\/wp\/v2\/tags?post=13430"}],"curies":[{"name":"wp","href":"https:\/\/api.w.org\/{rel}","templated":true}]}}