{"id":1343,"date":"2014-06-03T00:00:00","date_gmt":"2014-06-03T03:00:00","guid":{"rendered":"https:\/\/hostnetart.com.br\/baixada\/25-congresso-nacional-dos-funcionarios-do-bb-ocorre-de-6-a-8-de-junho\/"},"modified":"2014-06-03T00:00:00","modified_gmt":"2014-06-03T03:00:00","slug":"25-congresso-nacional-dos-funcionarios-do-bb-ocorre-de-6-a-8-de-junho","status":"publish","type":"post","link":"https:\/\/hostnetart.com.br\/baixada\/25-congresso-nacional-dos-funcionarios-do-bb-ocorre-de-6-a-8-de-junho\/","title":{"rendered":"25\u00ba Congresso Nacional dos Funcion\u00e1rios do BB ocorre de 6 a 8 de junho"},"content":{"rendered":"<p>O 25\u00ba Congresso Nacional dos Funcion\u00e1rios do Banco do Brasil acontece de 6 a 8 de junho, no Hotel Holiday Inn, no Parque Anhembi, em S\u00e3o Paulo. O encontro define a pauta espec\u00edfica de reivindica\u00e7\u00f5es do funcionalismo do BB.<\/p>\n<p>O prazo para realiza\u00e7\u00e3o de encontros e assembleias termina neste domingo, dia 1\u00ba de junho, e a inscri\u00e7\u00e3o de delega\u00e7\u00e3o vai at\u00e9 ter\u00e7a-feira, dia 3, at\u00e9 as 18h, conforme orienta\u00e7\u00f5es enviadas pela Contraf-CUT \u00e0s federa\u00e7\u00f5es e sindicatos.<\/p>\n<p>\u201cO Congresso e a Campanha Nacional deste ano acontecem em um momento muito importante de nossas vidas, tanto no cen\u00e1rio nacional quanto em rela\u00e7\u00e3o ao que o funcionalismo est\u00e1 vivendo dentro das unidades de trabalho. A conjuntura \u00e9 de Copa do Mundo seguida de elei\u00e7\u00f5es gerais, o que faz o pa\u00eds viver um clima de maior discuss\u00e3o sobre a vida nacional\u201d, afirma William Mendes, coordenador da Comiss\u00e3o de Empresa dos Funcion\u00e1rios do Banco do Brasil , que assessora a Contraf-CUT nas negocia\u00e7\u00f5es com o banco.<\/p>\n<p>\u201cNa quest\u00e3o do funcionalismo estamos vivendo momentos de muito adoecimento e falta de condi\u00e7\u00f5es de trabalho devido \u00e0s metas, ao ass\u00e9dio e \u00e0 falta de banc\u00e1rios. Esperamos que o 25\u00ba Congresso tire boas bandeiras de luta e que as delega\u00e7\u00f5es busquem muita unidade de classe\u201d, destaca William, que tamb\u00e9m \u00e9 diretor da Contraf-CUT.<\/p>\n<p><strong>Programa\u00e7\u00e3o<\/strong><\/p>\n<p><strong>Sexta-feira, dia 6<\/strong><\/p>\n<p>18h \u00e0s 20h \u2013 Jantar<br \/>20h \u2013 Abertura pol\u00edtica no plen\u00e1rio geral<br \/>21h \u2013 Vota\u00e7\u00e3o do regimento interno<\/p>\n<p><strong>S\u00e1bado, dia 7<\/strong><\/p>\n<p>10h \u2013 An\u00e1lise de conjuntura<br \/>11h \u2013 Apresenta\u00e7\u00e3o das teses<br \/>13h \u00e0s 15h \u2013 Almo\u00e7o<\/p>\n<p>15h \u00e0s 19h \u2013 Grupos<br \/>1- Remunera\u00e7\u00e3o e condi\u00e7\u00f5es de trabalho;<br \/>2- Sa\u00fade e Previd\u00eancia;<br \/>3- Organiza\u00e7\u00e3o do movimento;<br \/>4- Banco do Brasil e o Sistema Financeiro Nacional<br \/>19h \u2013 Jantar<\/p>\n<p><strong>Domingo, dia 8<\/strong><\/p>\n<p>10h \u00e0s 13h \u2013 Delibera\u00e7\u00f5es finais no plen\u00e1rio geral<br \/>13h \u00e0s 15h \u2013 Almo\u00e7o<\/p>\n<p>Fonte: Contraf-CUT<\/p>\n","protected":false},"excerpt":{"rendered":"<p>O 25\u00ba Congresso Nacional dos Funcion\u00e1rios do Banco do Brasil acontece de 6 a 8 de junho, no Hotel Holiday Inn, no Parque Anhembi, em S\u00e3o Paulo. O encontro define a pauta espec\u00edfica de reivindica\u00e7\u00f5es do funcionalismo do BB. O prazo para realiza\u00e7\u00e3o de encontros e assembleias termina neste domingo, dia 1\u00ba de junho, e [&hellip;]<\/p>\n","protected":false},"author":1,"featured_media":1342,"comment_status":"","ping_status":"","sticky":false,"template":"","format":"standard","meta":{"footnotes":""},"categories":[3],"tags":[],"class_list":["post-1343","post","type-post","status-publish","format-standard","has-post-thumbnail","hentry","category-noticias"],"_links":{"self":[{"href":"https:\/\/hostnetart.com.br\/baixada\/wp-json\/wp\/v2\/posts\/1343","targetHints":{"allow":["GET"]}}],"collection":[{"href":"https:\/\/hostnetart.com.br\/baixada\/wp-json\/wp\/v2\/posts"}],"about":[{"href":"https:\/\/hostnetart.com.br\/baixada\/wp-json\/wp\/v2\/types\/post"}],"author":[{"embeddable":true,"href":"https:\/\/hostnetart.com.br\/baixada\/wp-json\/wp\/v2\/users\/1"}],"replies":[{"embeddable":true,"href":"https:\/\/hostnetart.com.br\/baixada\/wp-json\/wp\/v2\/comments?post=1343"}],"version-history":[{"count":0,"href":"https:\/\/hostnetart.com.br\/baixada\/wp-json\/wp\/v2\/posts\/1343\/revisions"}],"wp:featuredmedia":[{"embeddable":true,"href":"https:\/\/hostnetart.com.br\/baixada\/wp-json\/wp\/v2\/media\/1342"}],"wp:attachment":[{"href":"https:\/\/hostnetart.com.br\/baixada\/wp-json\/wp\/v2\/media?parent=1343"}],"wp:term":[{"taxonomy":"category","embeddable":true,"href":"https:\/\/hostnetart.com.br\/baixada\/wp-json\/wp\/v2\/categories?post=1343"},{"taxonomy":"post_tag","embeddable":true,"href":"https:\/\/hostnetart.com.br\/baixada\/wp-json\/wp\/v2\/tags?post=1343"}],"curies":[{"name":"wp","href":"https:\/\/api.w.org\/{rel}","templated":true}]}}