{"id":13426,"date":"2022-11-30T16:11:50","date_gmt":"2022-11-30T19:11:50","guid":{"rendered":"https:\/\/hostnetart.com.br\/baixada\/pl-1043-e-retirado-da-pauta-de-votacao\/"},"modified":"2022-11-30T16:11:50","modified_gmt":"2022-11-30T19:11:50","slug":"pl-1043-e-retirado-da-pauta-de-votacao","status":"publish","type":"post","link":"https:\/\/hostnetart.com.br\/baixada\/pl-1043-e-retirado-da-pauta-de-votacao\/","title":{"rendered":"PL 1043 \u00e9 retirado da pauta de vota\u00e7\u00e3o"},"content":{"rendered":"<p>O\u00a0<a href=\"https:\/\/www.camara.leg.br\/proposicoesWeb\/fichadetramitacao?idProposicao=2192746\" target=\"_blank\" rel=\"noopener noreferrer\">Projeto de Lei 1.043\/2019<\/a>, que autoriza a abertura de ag\u00eancias e o trabalho banc\u00e1rio aos s\u00e1bados domingos e feriados, foi retirado da pauta de vota\u00e7\u00e3o da Comiss\u00e3o de Defesa do Consumidor (CDC) da C\u00e2mara dos Deputados nesta quarta-feira (30), ap\u00f3s a\u00e7\u00e3o da representa\u00e7\u00e3o sindical junto aos parlamentares e press\u00e3o da categoria nas redes sociais.<\/p>\n<p>\u201cFizemos um trabalho intenso junto aos membros da CDC para que requeressem a retirada da pauta e concomitantemente junto ao presidente da comiss\u00e3o, deputado Silvio Costa Filho (Republicanos\/PE), para que os acolhesse, sendo assim, o requerimento do deputado Daniel Almeida (PCdoB\/BA) foi prontamente acolhido\u201d, informou o secret\u00e1rio de Rela\u00e7\u00f5es do Trabalho e respons\u00e1vel na Confedera\u00e7\u00e3o dos Trabalhadores do Ramo Financeiro (Contraf-CUT) pelo acompanhamento da tramita\u00e7\u00e3o de projetos e temas de interesse dos trabalhadores do Congresso Nacional, Jeferson Meira, o Jef\u00e3o, acrescentando que o deputado Ivan Valente (Psol\/SP) tamb\u00e9m contribuiu com as a\u00e7\u00f5es para a retirada do projeto da pauta.<\/p>\n<p>\u201cAgrade\u00e7o a sensibilidade do presidente da comiss\u00e3o, que ajudou a proporcionar esta grande vit\u00f3ria da categoria, que se mobilizou para a retirada do projeto da pauta\u201d, disse o deputado Daniel Almeida. \u201cEspero que este projeto n\u00e3o volte \u00e0 pauta este ano e que, no ano que vem, seja arquivado, pois o mesmo n\u00e3o serve ao interesse nacional, n\u00e3o \u00e9 de interesse dos banc\u00e1rios e se configura em quebra de contrato e retirada de direito adquirido\u201d, completou o deputado.<\/p>\n<h3><strong>A\u00e7\u00e3o sindical e da categoria<\/strong><\/h3>\n<p>\u201cEstamos atentos \u00e0 tramita\u00e7\u00e3o dos projetos de interesse dos trabalhadores no Congresso e agimos rapidamente, mas foi fundamental a press\u00e3o exercida pela categoria e entidades sindicais nas redes sociais\u201d, acrescentou o dirigente da Contraf-CUT, ao informar que o tuita\u00e7o realizado na manh\u00e3 desta quarta-feira ficou entre os temas mais comentados da rede.<\/p>\n<p>O tuita\u00e7o realizado nesta manh\u00e3 colocou a hashtag #S\u00e1bado\u00c9Meu na s\u00e9tima posi\u00e7\u00e3o entre os assuntos mais comentados do pa\u00eds.<\/p>\n<p>\u201cConseguimos, mais uma vez, barrar a tentativa de altera\u00e7\u00e3o na jornada de trabalho dos banc\u00e1rios. Mas, precisamos manter a mobiliza\u00e7\u00e3o, o lobby do sistema financeiro no Congresso \u00e9 forte e esta n\u00e3o foi a primeira e, com certeza, n\u00e3o ser\u00e1 a \u00faltima vez que v\u00e3o tentar esta mudan\u00e7a que prejudica a categoria\u201d, afirmou a presidenta da Contraf-CUT, Juvandia Moreira. \u201cA elei\u00e7\u00e3o de um governo com compromisso com a classe trabalhadora ajuda na retirada deste tipo de projeto da pauta, mas temos que acompanhar a atua\u00e7\u00e3o dos deputados e senadores para lutar contra todas as tentativas de retirada de direitos\u201d, completou.<\/p>\n<p><strong>Fonte: Contraf-CUT<\/strong><\/p>\n","protected":false},"excerpt":{"rendered":"<p>O\u00a0Projeto de Lei 1.043\/2019, que autoriza a abertura de ag\u00eancias e o trabalho banc\u00e1rio aos s\u00e1bados domingos e feriados, foi retirado da pauta de vota\u00e7\u00e3o da Comiss\u00e3o de Defesa do Consumidor (CDC) da C\u00e2mara dos Deputados nesta quarta-feira (30), ap\u00f3s a\u00e7\u00e3o da representa\u00e7\u00e3o sindical junto aos parlamentares e press\u00e3o da categoria nas redes sociais. \u201cFizemos [&hellip;]<\/p>\n","protected":false},"author":2,"featured_media":13425,"comment_status":"","ping_status":"","sticky":false,"template":"","format":"standard","meta":{"footnotes":""},"categories":[3],"tags":[],"class_list":["post-13426","post","type-post","status-publish","format-standard","has-post-thumbnail","hentry","category-noticias"],"_links":{"self":[{"href":"https:\/\/hostnetart.com.br\/baixada\/wp-json\/wp\/v2\/posts\/13426","targetHints":{"allow":["GET"]}}],"collection":[{"href":"https:\/\/hostnetart.com.br\/baixada\/wp-json\/wp\/v2\/posts"}],"about":[{"href":"https:\/\/hostnetart.com.br\/baixada\/wp-json\/wp\/v2\/types\/post"}],"author":[{"embeddable":true,"href":"https:\/\/hostnetart.com.br\/baixada\/wp-json\/wp\/v2\/users\/2"}],"replies":[{"embeddable":true,"href":"https:\/\/hostnetart.com.br\/baixada\/wp-json\/wp\/v2\/comments?post=13426"}],"version-history":[{"count":0,"href":"https:\/\/hostnetart.com.br\/baixada\/wp-json\/wp\/v2\/posts\/13426\/revisions"}],"wp:featuredmedia":[{"embeddable":true,"href":"https:\/\/hostnetart.com.br\/baixada\/wp-json\/wp\/v2\/media\/13425"}],"wp:attachment":[{"href":"https:\/\/hostnetart.com.br\/baixada\/wp-json\/wp\/v2\/media?parent=13426"}],"wp:term":[{"taxonomy":"category","embeddable":true,"href":"https:\/\/hostnetart.com.br\/baixada\/wp-json\/wp\/v2\/categories?post=13426"},{"taxonomy":"post_tag","embeddable":true,"href":"https:\/\/hostnetart.com.br\/baixada\/wp-json\/wp\/v2\/tags?post=13426"}],"curies":[{"name":"wp","href":"https:\/\/api.w.org\/{rel}","templated":true}]}}