{"id":13418,"date":"2022-11-28T13:42:34","date_gmt":"2022-11-28T16:42:34","guid":{"rendered":"https:\/\/hostnetart.com.br\/baixada\/mais-pobres-se-endividam-para-comprar-comida-e-pagar-contas-enquanto-ricos-para-empreender\/"},"modified":"2022-11-28T13:42:34","modified_gmt":"2022-11-28T16:42:34","slug":"mais-pobres-se-endividam-para-comprar-comida-e-pagar-contas-enquanto-ricos-para-empreender","status":"publish","type":"post","link":"https:\/\/hostnetart.com.br\/baixada\/mais-pobres-se-endividam-para-comprar-comida-e-pagar-contas-enquanto-ricos-para-empreender\/","title":{"rendered":"Mais pobres se endividam para comprar comida e pagar contas, enquanto ricos para empreender"},"content":{"rendered":"<p>Estudo conduzido pelo instituto de pesquisas Plano CDE revela que as popula\u00e7\u00f5es mais pobres \u2013 das classes C, D e E \u2013 tomaram empr\u00e9stimos ao longo dos \u00faltimos meses principalmente para comprar comida e pagar as contas b\u00e1sicas. Questionados sobre o motivo ou por que buscariam um empr\u00e9stimo, entre 45% e 50% dos entrevistados dessas classes indicaram que a alimenta\u00e7\u00e3o e as contas do m\u00eas foram ou seriam a principal finalidade.\u00a0<\/p>\n<p>As informa\u00e7\u00f5es s\u00e3o do<a href=\"https:\/\/www1.folha.uol.com.br\/mercado\/2022\/11\/mais-pobres-se-endividam-para-comprar-comida-e-pagar-contas-basicas-diz-pesquisa.shtml\" target=\"_blank\" rel=\"noopener noreferrer\">\u00a0jornal<\/a><em>\u00a0Folha de S. Paulo,\u00a0<\/em>que divulgou a pesquisa na noite de ontem (27). A necessidade indicada pelos mais pobres chamou aten\u00e7\u00e3o do diretor do instituto Plano CDE, Maur\u00edcio Prado. Segundo ele, o quadro \u201cindica a situa\u00e7\u00e3o grave que uma s\u00e9rie de fam\u00edlias enfrenta atualmente\u201d. Esse percentual cai para 30% entre as classes A e B. Sendo que, entre os mais ricos, a maioria justifica a tomada de empr\u00e9stimos como uma busca por investimentos no pr\u00f3prio neg\u00f3cio (46%).\u00a0<\/p>\n<p>O pesquisador alerta que, nesse cen\u00e1rio, \u00e9 preciso ainda mais aten\u00e7\u00e3o com a concess\u00e3o do empr\u00e9stimo consignado para os benefici\u00e1rios do Aux\u00edlio Brasil. Em muitos casos, eles est\u00e3o contraindo d\u00edvidas com juros elevados para a subsist\u00eancia.\u00a0A possibilidade de cr\u00e9dito com o programa social faz parte de medida eleitoreira, anunciada \u00e0s v\u00e9speras do pleito presidencial pelo governo Bolsonaro, liberando o benefici\u00e1rio a comprometer at\u00e9 40% de sua renda mensal com os empr\u00e9stimos.\u00a0<\/p>\n<p><strong>Brasil favorece o superendividamento<\/strong><\/p>\n<p>\u201cO consignado do Aux\u00edlio Brasil s\u00f3 vai fazer com que as fam\u00edlias se enrolem ainda mais\u201d, adverte Prado. De forma geral, 42% confirmaram ter alguma d\u00edvida em atraso, segundo a pesquisa. Ao todo, foram consultadas 2.370 pessoas maiores de 18 anos, de todas as classes sociais, nacionalmente. A pesquisa foi feita entre 26 de julho a 9 de agosto de 2022. Para definir as classes D e E, o estudo considerou domic\u00edlios com renda familiar de at\u00e9 R$ 2 mil. Aqueles na faixa de R$ 2 mil at\u00e9 R$ 3 mil foram classificados como C2. J\u00e1 as resid\u00eancias com renda de R$ 3 mil a R$ 6 mil s\u00e3o C1. E as classes AB s\u00e3o formadas por lares com renda acima de R$ 6 mil.\u00a0<\/p>\n<p>A pesquisa mostra ainda que cerca de 50% das fam\u00edlias tomaram algum tipo de empr\u00e9stimo no \u00faltimo ano. Nesse caso, a principal fonte para a busca dos recursos entre os mais pobres s\u00e3o familiares e amigos e, s\u00f3 depois, bancos digitais e tradicionais.\u00a0<\/p>\n<p>A situa\u00e7\u00e3o reflete um cen\u00e1rio de crescimento econ\u00f4mico baixo, com infla\u00e7\u00e3o alta e um mercado de trabalho precarizado e informal que for\u00e7a com que o cr\u00e9dito seja cada vez mais utilizado como um complemento \u00e0 renda da popula\u00e7\u00e3o com menor poder aquisitivo. \u00c9 o que destaca o coordenador do Centro de Estudos em Microfinan\u00e7as e Inclus\u00e3o Financeira da Funda\u00e7\u00e3o Get\u00falio Vargas (FGV), Lauro Gonzalez. \u201cO cr\u00e9dito como complemento de renda \u00e9 um caminho quase certo para o superendividamento\u201d, garante o especialista.\u00a0<\/p>\n<h3><strong>Tirar de onde n\u00e3o tem<\/strong><\/h3>\n<p>At\u00e9 50% dos entrevistados mais pobres, das classes D e E, confirmaram que tiveram de reduzir a compra de comida para pagar uma d\u00edvida. \u00c9 comum tamb\u00e9m que as fam\u00edlias busquem fazer horas extras, bicos e trabalhos tempor\u00e1rios (56%) ou vender seus bens, como carros, m\u00f3veis ou eletrodom\u00e9sticos (28%), para quitar os d\u00e9bitos.\u00a0<\/p>\n<p>O levantamento tamb\u00e9m chama aten\u00e7\u00e3o para a falta de renda que impede a forma\u00e7\u00e3o de poupan\u00e7a, principalmente entre os mais pobres. Nos \u00faltimos 12 meses, cerca de 50% da popula\u00e7\u00e3o teve gastos maiores do que a renda, sendo 37% nas classes A e B e 48% a 55% nas C1 e C2. Esse percentual chega a 60% nas D e E.\u00a0<\/p>\n<p><strong>Fonte: Rede Brasil Atual<\/strong><\/p>\n","protected":false},"excerpt":{"rendered":"<p>Estudo conduzido pelo instituto de pesquisas Plano CDE revela que as popula\u00e7\u00f5es mais pobres \u2013 das classes C, D e E \u2013 tomaram empr\u00e9stimos ao longo dos \u00faltimos meses principalmente para comprar comida e pagar as contas b\u00e1sicas. Questionados sobre o motivo ou por que buscariam um empr\u00e9stimo, entre 45% e 50% dos entrevistados dessas [&hellip;]<\/p>\n","protected":false},"author":2,"featured_media":13417,"comment_status":"","ping_status":"","sticky":false,"template":"","format":"standard","meta":{"footnotes":""},"categories":[3],"tags":[],"class_list":["post-13418","post","type-post","status-publish","format-standard","has-post-thumbnail","hentry","category-noticias"],"_links":{"self":[{"href":"https:\/\/hostnetart.com.br\/baixada\/wp-json\/wp\/v2\/posts\/13418","targetHints":{"allow":["GET"]}}],"collection":[{"href":"https:\/\/hostnetart.com.br\/baixada\/wp-json\/wp\/v2\/posts"}],"about":[{"href":"https:\/\/hostnetart.com.br\/baixada\/wp-json\/wp\/v2\/types\/post"}],"author":[{"embeddable":true,"href":"https:\/\/hostnetart.com.br\/baixada\/wp-json\/wp\/v2\/users\/2"}],"replies":[{"embeddable":true,"href":"https:\/\/hostnetart.com.br\/baixada\/wp-json\/wp\/v2\/comments?post=13418"}],"version-history":[{"count":0,"href":"https:\/\/hostnetart.com.br\/baixada\/wp-json\/wp\/v2\/posts\/13418\/revisions"}],"wp:featuredmedia":[{"embeddable":true,"href":"https:\/\/hostnetart.com.br\/baixada\/wp-json\/wp\/v2\/media\/13417"}],"wp:attachment":[{"href":"https:\/\/hostnetart.com.br\/baixada\/wp-json\/wp\/v2\/media?parent=13418"}],"wp:term":[{"taxonomy":"category","embeddable":true,"href":"https:\/\/hostnetart.com.br\/baixada\/wp-json\/wp\/v2\/categories?post=13418"},{"taxonomy":"post_tag","embeddable":true,"href":"https:\/\/hostnetart.com.br\/baixada\/wp-json\/wp\/v2\/tags?post=13418"}],"curies":[{"name":"wp","href":"https:\/\/api.w.org\/{rel}","templated":true}]}}