{"id":13416,"date":"2022-11-28T13:37:38","date_gmt":"2022-11-28T16:37:38","guid":{"rendered":"https:\/\/hostnetart.com.br\/baixada\/movimento-sindical-participa-de-campanha-pelo-fim-da-violencia-contra-mulheres-em-21-dias-de-ativismo\/"},"modified":"2022-11-28T13:37:38","modified_gmt":"2022-11-28T16:37:38","slug":"movimento-sindical-participa-de-campanha-pelo-fim-da-violencia-contra-mulheres-em-21-dias-de-ativismo","status":"publish","type":"post","link":"https:\/\/hostnetart.com.br\/baixada\/movimento-sindical-participa-de-campanha-pelo-fim-da-violencia-contra-mulheres-em-21-dias-de-ativismo\/","title":{"rendered":"Movimento Sindical participa de campanha pelo fim da viol\u00eancia contra mulheres em 21 dias de ativismo"},"content":{"rendered":"<p>Quebrar o c\u00edrculo de viol\u00eancia de g\u00eanero e viol\u00eancia no trabalho, com a defesa da assinatura, pelo Brasil, da<a href=\"https:\/\/www.ilo.org\/brasilia\/noticias\/WCMS_806107\/lang--pt\/index.htm\" target=\"_blank\" rel=\"noopener noreferrer\">\u00a0Conven\u00e7\u00e3o 190 da Organiza\u00e7\u00e3o Internacional do Trabalho (OIT)<\/a>. Esse \u00e9 o foco dos 21 Dias de Ativismo que, no Brasil, come\u00e7ou em 20 de novembro, Dia da Consci\u00eancia Negra. Internacionalmente, s\u00e3o 16 dias de ativismo, com in\u00edcio nesta sexta-feira (25), Dia de Combate \u00e0 Viol\u00eancia contra a Mulher. O per\u00edodo, tanto em \u00e2mbito nacional quanto internacional, termina em 10 de dezembro, no Dia Internacional dos Direitos Humanos.<\/p>\n<p>\u201cA proposta, todos os anos, \u00e9 dar o m\u00e1ximo de visibilidade ao tema e continuar combatendo os v\u00e1rios tipos de viol\u00eancia que as mulheres sofrem no ambiente de trabalho, desde ass\u00e9dio moral e sexual, at\u00e9 sobrecarga de trabalho, desigualdade salarial e nas oportunidades de crescimento\u201d, explica Fernanda Lopes, a secret\u00e1ria da Mulher da Confedera\u00e7\u00e3o Nacional dos Trabalhadores do Ramo Financeiro (Contraf-CUT), que integra a campanha assim como o\u00a0<a href=\"https:\/\/es.breakingthecircle.org\/\" target=\"_blank\" rel=\"noopener noreferrer\">Comit\u00ea Mundial de Mulheres da UNI Global Union<\/a>.<\/p>\n<h3>Conven\u00e7\u00e3o 190<\/h3>\n<p>A Conven\u00e7\u00e3o 190 (C190) \u00e9 o primeiro tratado internacional para enfrentar a viol\u00eancia e o ass\u00e9dio no ambiente laboral. Foi aprovada em 2019 pela Organiza\u00e7\u00e3o Internacional do Trabalho (OIT) e, at\u00e9 o momento, seis pa\u00edses a retificaram \u2013 Argentina, Equador, Fiji, Nam\u00edbia, Som\u00e1lia e Uruguai. \u201cO movimento sindical quer a ratifica\u00e7\u00e3o da C190 no Brasil que, al\u00e9m de fornecer a primeira defini\u00e7\u00e3o internacional de viol\u00eancia e ass\u00e9dio no mundo de trabalho, inclui viol\u00eancia de g\u00eanero e ass\u00e9dio\u201d, pontua Fernanda Lopes.<\/p>\n<h3>Avan\u00e7os para categoria banc\u00e1ria<\/h3>\n<p>A secret\u00e1ria da Mulher destaca que, entre as contribui\u00e7\u00f5es do movimento sindical banc\u00e1rio contra o cen\u00e1rio de viol\u00eancia no ambiente laboral est\u00e1 a\u00a0<a href=\"https:\/\/contrafcut.com.br\/noticias\/bancarios-arrancam-proposta-com-conquistas\/\" target=\"_blank\" rel=\"noopener noreferrer\">inclus\u00e3o de uma cl\u00e1usula sobre ass\u00e9dio sexual<\/a>\u00a0na Conven\u00e7\u00e3o Coletiva de Trabalho (CCT) e nos Acordos Coletivos de Trabalho (ACTs) dos funcion\u00e1rios do Banco do Brasil e dos empregados da Caixa Econ\u00f4mica Federal para os pr\u00f3ximos dois anos. Al\u00e9m disso, aponta a cria\u00e7\u00e3o do projeto\u00a0<a href=\"https:\/\/contrafcut.com.br\/noticias\/contraf-cut-lanca-cartilha-basta-nao-irao-nos-calar\/\" target=\"_blank\" rel=\"noopener noreferrer\">\u201cBasta! N\u00e3o ir\u00e3o nos calar!\u201d<\/a>, em agosto de 2021, que fornece assessoria t\u00e9cnica \u00e0s federa\u00e7\u00f5es e aos sindicatos para a implanta\u00e7\u00e3o de canais de atendimento jur\u00eddico especializado para mulheres em situa\u00e7\u00e3o de viol\u00eancia dom\u00e9stica e familiar.<\/p>\n<p>\u201cAinda temos muita luta pela frente para alcan\u00e7ar um ambiente de trabalho sem viol\u00eancia de g\u00eanero. No setor banc\u00e1rio, apesar de terem mais escolaridade que os homens, as mulheres recebem, em m\u00e9dia, 78,1% do sal\u00e1rio dos colegas do sexo masculino. As banc\u00e1rias negras s\u00e3o ainda mais injusti\u00e7adas e recebem em m\u00e9dia 59% dos homens bancos\u201d, explica Fernanda com base em dados do Instituto Brasileiro de Geografia e Estat\u00edstica (IBGE).<\/p>\n<p>A dirigente da Contraf-CUT lembra ainda que o governo Bolsonaro<a href=\"https:\/\/g1.globo.com\/politica\/noticia\/2022\/09\/29\/governo-bolsonaro-propoe-94percent-menos-de-recursos-no-orcamento-para-combate-a-violencia-contra-mulheres-diz-levantamento.ghtml\" target=\"_blank\" rel=\"noopener noreferrer\">\u00a0cortou 94% da verba destinada ao Minist\u00e9rio da Mulher<\/a>\u00a0para a prote\u00e7\u00e3o de g\u00eanero, nos or\u00e7amentos elaborados e enviados ao Congresso, referentes aos anos de 2020 a 2023. Dados do Instituto de Pesquisa Econ\u00f4mica Aplicada (Ipea) apontam tamb\u00e9m que, em 2022, a gest\u00e3o bolsonarista executou apenas<a href=\"https:\/\/www.terra.com.br\/nos\/governo-bolsonaro-tem-menor-orcamento-de-combate-a-violencia-contra-a-mulher-dos-10-ultimos-anos-diz-pesquisa,7be07cac93b2e1cac2ec2a76e54cfed3fe1h4clg.html\" target=\"_blank\" rel=\"noopener noreferrer\">\u00a025% do or\u00e7amento para o Ligue 180<\/a>, servi\u00e7o de utilidade p\u00fablica de enfrentamento \u00e0 viol\u00eancia contra a mulher. \u201cPor isso os Dias de Ativismo s\u00e3o necess\u00e1rios, para aumentar a visibilidade ao tema e para que a sociedade pare de normalizar as situa\u00e7\u00f5es de viol\u00eancia que as mulheres s\u00e3o submetidas\u201d, reflete.<\/p>\n<p>Al\u00e9m de divulgar as informa\u00e7\u00f5es sobre os 21 Dias de Luta nas redes sociais e no site da Contraf-CUT, a secret\u00e1ria da Mulher participa de uma entrevista no\u00a0<strong>ContrafCast<\/strong>, que ser\u00e1 divulgada nos pr\u00f3ximos dias. \u201c\u00c9 importante que os movimentos sindicais participem ecoando o debate para que, nesta nova fase que o pa\u00eds entrar\u00e1, devido \u00e0 mudan\u00e7a de governo, as pol\u00edticas p\u00fablicas de combate \u00e0 viol\u00eancia contra a Mulher voltem a ser refor\u00e7adas\u201d, pondera.<\/p>\n<h3>Denuncie<\/h3>\n<p>Al\u00e9m dos canais de den\u00fancia como o 180 os sindicatos dos banc\u00e1rios est\u00e3o preparados para orientar v\u00edtimas de viol\u00eancia dom\u00e9stica, por meio do projeto \u201cBasta! N\u00e3o Ir\u00e3o Nos Calar!\u201d. As banc\u00e1rias que estiverem em situa\u00e7\u00e3o de inseguran\u00e7a e necessitem de assessoria jur\u00eddica, desde a orienta\u00e7\u00e3o para procurar canais e servi\u00e7os p\u00fablicos at\u00e9 sobre quest\u00f5es como guarda dos filhos, podem entrar em contato com a entidade sindical da sua base.<\/p>\n<p><strong>Fonte: Contraf-CUT<\/strong><\/p>\n","protected":false},"excerpt":{"rendered":"<p>Quebrar o c\u00edrculo de viol\u00eancia de g\u00eanero e viol\u00eancia no trabalho, com a defesa da assinatura, pelo Brasil, da\u00a0Conven\u00e7\u00e3o 190 da Organiza\u00e7\u00e3o Internacional do Trabalho (OIT). Esse \u00e9 o foco dos 21 Dias de Ativismo que, no Brasil, come\u00e7ou em 20 de novembro, Dia da Consci\u00eancia Negra. Internacionalmente, s\u00e3o 16 dias de ativismo, com in\u00edcio [&hellip;]<\/p>\n","protected":false},"author":2,"featured_media":13415,"comment_status":"","ping_status":"","sticky":false,"template":"","format":"standard","meta":{"footnotes":""},"categories":[3],"tags":[],"class_list":["post-13416","post","type-post","status-publish","format-standard","has-post-thumbnail","hentry","category-noticias"],"_links":{"self":[{"href":"https:\/\/hostnetart.com.br\/baixada\/wp-json\/wp\/v2\/posts\/13416","targetHints":{"allow":["GET"]}}],"collection":[{"href":"https:\/\/hostnetart.com.br\/baixada\/wp-json\/wp\/v2\/posts"}],"about":[{"href":"https:\/\/hostnetart.com.br\/baixada\/wp-json\/wp\/v2\/types\/post"}],"author":[{"embeddable":true,"href":"https:\/\/hostnetart.com.br\/baixada\/wp-json\/wp\/v2\/users\/2"}],"replies":[{"embeddable":true,"href":"https:\/\/hostnetart.com.br\/baixada\/wp-json\/wp\/v2\/comments?post=13416"}],"version-history":[{"count":0,"href":"https:\/\/hostnetart.com.br\/baixada\/wp-json\/wp\/v2\/posts\/13416\/revisions"}],"wp:featuredmedia":[{"embeddable":true,"href":"https:\/\/hostnetart.com.br\/baixada\/wp-json\/wp\/v2\/media\/13415"}],"wp:attachment":[{"href":"https:\/\/hostnetart.com.br\/baixada\/wp-json\/wp\/v2\/media?parent=13416"}],"wp:term":[{"taxonomy":"category","embeddable":true,"href":"https:\/\/hostnetart.com.br\/baixada\/wp-json\/wp\/v2\/categories?post=13416"},{"taxonomy":"post_tag","embeddable":true,"href":"https:\/\/hostnetart.com.br\/baixada\/wp-json\/wp\/v2\/tags?post=13416"}],"curies":[{"name":"wp","href":"https:\/\/api.w.org\/{rel}","templated":true}]}}