{"id":13414,"date":"2022-11-25T14:42:54","date_gmt":"2022-11-25T17:42:54","guid":{"rendered":"https:\/\/hostnetart.com.br\/baixada\/numero-de-greves-cresce-76-no-primeiro-semestre-mais-da-metade-por-violacao-de-direitos\/"},"modified":"2022-11-25T14:42:54","modified_gmt":"2022-11-25T17:42:54","slug":"numero-de-greves-cresce-76-no-primeiro-semestre-mais-da-metade-por-violacao-de-direitos","status":"publish","type":"post","link":"https:\/\/hostnetart.com.br\/baixada\/numero-de-greves-cresce-76-no-primeiro-semestre-mais-da-metade-por-violacao-de-direitos\/","title":{"rendered":"N\u00famero de greves cresce 76% no primeiro semestre. Mais da metade por viola\u00e7\u00e3o de direitos"},"content":{"rendered":"<p>Mais da metade das greves deflagradas no primeiro semestre (53%) envolvia descumprimento de direitos, como atraso no pagamento de sal\u00e1rios, f\u00e9rias ou 13\u00ba, entre outros. Segundo o\u00a0<a href=\"https:\/\/www.dieese.org.br\/balancodasgreves\/2022\/estPesq103Greves.html\" target=\"_blank\" rel=\"noopener noreferrer\">Dieese<\/a>, que divulgou balan\u00e7o dos movimentos na primeira metade do ano, os chamados itens de car\u00e1ter defensivo, em defesa de direitos, estavam na pauta de 80% das 663 paralisa\u00e7\u00f5es pesquisadas. Esse n\u00famero (663) representa 76% de aumento em rela\u00e7\u00e3o a igual per\u00edodo de 2021. Basicamente, pelo crescimento no setor p\u00fablico.<\/p>\n<p>Assim, a quantidade de greves s\u00f3 n\u00e3o \u00e9 maior que a do primeiro semestre de 2018 (901). As horas paradas quase dobraram, chegando a 37 mil. Mas o n\u00famero de paralisa\u00e7\u00f5es no setor privado e nas estatais praticamente n\u00e3o se alterou. J\u00e1 no funcionalismo p\u00fablico, se multiplicou por cinco \u2013 de 82 para 412.\u00a0<\/p>\n<h3>Quest\u00f5es salariais<\/h3>\n<p>\u201cQuest\u00f5es salariais como reajuste (48%) e pagamento do piso (31%) foram as mais frequentes\u201d, informa o instituto. \u201cItens relacionados \u00e0 alimenta\u00e7\u00e3o (t\u00edquetes, cestas b\u00e1sicas) v\u00eam em seguida: estiveram presentes em 19% das greves. O pagamento de vencimentos em atraso (sal\u00e1rios, f\u00e9rias, 13\u00ba) continua entre as principais reivindica\u00e7\u00f5es \u2013 com uma participa\u00e7\u00e3o diminu\u00edda, no entanto (16%).\u201d<\/p>\n<p>Das 663 greves registradas de janeiro a junho, 438 (66%) foram de trabalhadores no setor p\u00fablico, sendo 412 no funcionalismo (62%) e 26 (4%), em estatais. As paralisa\u00e7\u00f5es \u201cde advert\u00eancia\u201d representaram 45% do total (setores p\u00fablico e privado), enquanto 53% foram por tempo indeterminado. Em 2% dos casos, n\u00e3o havia informa\u00e7\u00e3o dispon\u00edvel.<\/p>\n<p>J\u00e1 movimentos que envolveram categorias profissionais inteiras predominaram, com 60% do casos. Outros 40% foram em empresas ou unidades do funcionalismo.<\/p>\n<h3>Piso nacional da educa\u00e7\u00e3o<\/h3>\n<p>\u201cA frequ\u00eancia da deflagra\u00e7\u00e3o das greves neste primeiro semestre tamb\u00e9m se associa a quest\u00f5es salariais \u2013 reajuste nos valores e pagamento do piso\u201d, comenta o Dieese. \u201cDe janeiro a mar\u00e7o, a presen\u00e7a conjunta dos dois itens vai progressivamente se destacando na pauta das mobiliza\u00e7\u00f5es. Abril marca novamente um recuo e tamb\u00e9m o in\u00edcio do distanciamento entre os dois itens, com a reivindica\u00e7\u00e3o por reajuste salarial tornando-se preponderante.\u201d O instituto destaca a forte mobiliza\u00e7\u00e3o pelo piso salarial nacional da educa\u00e7\u00e3o b\u00e1sica.<\/p>\n<p>Das 412 greves no setor p\u00fablico, 72% foram deflagradas por servidores municipais, 19% por estaduais e 8%, por federais. Mais da metade (55%) foi de advert\u00eancia, enquanto 87% envolveram categorias profissionais.<\/p>\n<p>\u201cItens de car\u00e1ter defensivo estiveram presentes na grande maioria das pautas grevistas (79%)\u201d, lembra o Dieese. \u201cAinda assim, itens propositivos tamb\u00e9m foram muito frequentes (68%). A maioria das greves trouxe, de modo combinado, reivindica\u00e7\u00f5es caracterizadas das duas maneiras.\u201d Reivindica\u00e7\u00f5es de sal\u00e1rios e pisos foram as mais frequentes, com 58% e 48%, respectivamente.<\/p>\n<h3>Maioria por tempo indeterminado<\/h3>\n<p>Por sua vez, no setor privado, de 223 paralisa\u00e7\u00f5es registradas, 161 (72%) foram no setor de servi\u00e7os e 62 (28%), na ind\u00fastria. Diferente do setor p\u00fablico, s\u00f3 28% foram de advert\u00eancia e 67%, por tempo indeterminado. Tamb\u00e9m predominaram as greves por empresa ou unidade: 85% do total.<\/p>\n<p>\u201cNa pauta reivindicat\u00f3ria de 82% das greves deflagradas estiveram presentes itens e car\u00e1ter defensivo, com predomin\u00e2ncia de pleitos relativos ao descumprimento de direitos (62%)\u201d, diz ainda o estudo do Dieese. \u201cA exig\u00eancia de regulariza\u00e7\u00e3o de valores em atraso (sal\u00e1rios, f\u00e9rias, 13\u00ba) comp\u00f4s a pauta da maioria (47%) das mobiliza\u00e7\u00f5es. Itens relativos \u00e0 alimenta\u00e7\u00e3o (t\u00edquete, cesta b\u00e1sica) vieram a seguir (38%). A reivindica\u00e7\u00e3o por reajuste salarial esteve presente em quase um ter\u00e7o das greves (31%).\u201d<\/p>\n<p><a href=\"https:\/\/www.dieese.org.br\/balancodasgreves\/2022\/estPesq103Greves.pdf\" target=\"_blank\" rel=\"noopener noreferrer\">Confira aqui\u00a0<\/a>a \u00edntegra do estudo.<\/p>\n<p><strong>Fonte: Rede Brasil Atual<\/strong><\/p>\n","protected":false},"excerpt":{"rendered":"<p>Mais da metade das greves deflagradas no primeiro semestre (53%) envolvia descumprimento de direitos, como atraso no pagamento de sal\u00e1rios, f\u00e9rias ou 13\u00ba, entre outros. Segundo o\u00a0Dieese, que divulgou balan\u00e7o dos movimentos na primeira metade do ano, os chamados itens de car\u00e1ter defensivo, em defesa de direitos, estavam na pauta de 80% das 663 paralisa\u00e7\u00f5es [&hellip;]<\/p>\n","protected":false},"author":2,"featured_media":13413,"comment_status":"","ping_status":"","sticky":false,"template":"","format":"standard","meta":{"footnotes":""},"categories":[3],"tags":[],"class_list":["post-13414","post","type-post","status-publish","format-standard","has-post-thumbnail","hentry","category-noticias"],"_links":{"self":[{"href":"https:\/\/hostnetart.com.br\/baixada\/wp-json\/wp\/v2\/posts\/13414","targetHints":{"allow":["GET"]}}],"collection":[{"href":"https:\/\/hostnetart.com.br\/baixada\/wp-json\/wp\/v2\/posts"}],"about":[{"href":"https:\/\/hostnetart.com.br\/baixada\/wp-json\/wp\/v2\/types\/post"}],"author":[{"embeddable":true,"href":"https:\/\/hostnetart.com.br\/baixada\/wp-json\/wp\/v2\/users\/2"}],"replies":[{"embeddable":true,"href":"https:\/\/hostnetart.com.br\/baixada\/wp-json\/wp\/v2\/comments?post=13414"}],"version-history":[{"count":0,"href":"https:\/\/hostnetart.com.br\/baixada\/wp-json\/wp\/v2\/posts\/13414\/revisions"}],"wp:featuredmedia":[{"embeddable":true,"href":"https:\/\/hostnetart.com.br\/baixada\/wp-json\/wp\/v2\/media\/13413"}],"wp:attachment":[{"href":"https:\/\/hostnetart.com.br\/baixada\/wp-json\/wp\/v2\/media?parent=13414"}],"wp:term":[{"taxonomy":"category","embeddable":true,"href":"https:\/\/hostnetart.com.br\/baixada\/wp-json\/wp\/v2\/categories?post=13414"},{"taxonomy":"post_tag","embeddable":true,"href":"https:\/\/hostnetart.com.br\/baixada\/wp-json\/wp\/v2\/tags?post=13414"}],"curies":[{"name":"wp","href":"https:\/\/api.w.org\/{rel}","templated":true}]}}