{"id":1341,"date":"2014-06-03T00:00:00","date_gmt":"2014-06-03T03:00:00","guid":{"rendered":"https:\/\/hostnetart.com.br\/baixada\/contraf-cut-fara-reuniao-para-midia-da-campanha-nacional-nesta-terca\/"},"modified":"2014-06-03T00:00:00","modified_gmt":"2014-06-03T03:00:00","slug":"contraf-cut-fara-reuniao-para-midia-da-campanha-nacional-nesta-terca","status":"publish","type":"post","link":"https:\/\/hostnetart.com.br\/baixada\/contraf-cut-fara-reuniao-para-midia-da-campanha-nacional-nesta-terca\/","title":{"rendered":"Contraf-CUT far\u00e1 reuni\u00e3o para m\u00eddia da Campanha Nacional nesta ter\u00e7a"},"content":{"rendered":"<p>A Contraf-CUT realiza nesta ter\u00e7a-feira, dia 3 de junho, \u00e0s 14 horas, a primeira reuni\u00e3o espec\u00edfica para discutir a m\u00eddia da Campanha Nacional dos Banc\u00e1rios 2014. O encontro ser\u00e1 realizado na sede da Confedera\u00e7\u00e3o (Rua L\u00edbero Badar\u00f3, 158 \u2013 1\u00ba andar), no centro de S\u00e3o Paulo.<\/p>\n<p>\u201cO objetivo \u00e9, a exemplo dos \u00faltimos anos, debater e construir de forma coletiva uma proposta de m\u00eddia nacional, buscando um conceito que seja capaz de dialogar com os banc\u00e1rios e a sociedade, pressionar os bancos, fortalecer a unidade nacional da categoria, potencializar a marca em todo pa\u00eds e ajudar a realizar mais uma campanha vitoriosa\u201d, afirma o secret\u00e1rio de imprensa da Contraf-CUT, Ademir Wiederkehr.<\/p>\n<p>No ano passado, o slogam foi \u201cVem pra luta, banc\u00e1rio\u201d, que contribuiu, e muito, para a mobiliza\u00e7\u00e3o da categoria e a amplia\u00e7\u00e3o das conquistas econ\u00f4micas e sociais.<\/p>\n<p>A reuni\u00e3o ser\u00e1 aberta \u00e0 participa\u00e7\u00e3o de dirigentes do Comando Nacional, sindicatos e federa\u00e7\u00f5es, especialmente diretores de comunica\u00e7\u00e3o e profissionais de imprensa das entidades.<\/p>\n<p>Fonte: Contraf-CUT<\/p>\n","protected":false},"excerpt":{"rendered":"<p>A Contraf-CUT realiza nesta ter\u00e7a-feira, dia 3 de junho, \u00e0s 14 horas, a primeira reuni\u00e3o espec\u00edfica para discutir a m\u00eddia da Campanha Nacional dos Banc\u00e1rios 2014. O encontro ser\u00e1 realizado na sede da Confedera\u00e7\u00e3o (Rua L\u00edbero Badar\u00f3, 158 \u2013 1\u00ba andar), no centro de S\u00e3o Paulo. \u201cO objetivo \u00e9, a exemplo dos \u00faltimos anos, debater [&hellip;]<\/p>\n","protected":false},"author":1,"featured_media":0,"comment_status":"","ping_status":"","sticky":false,"template":"","format":"standard","meta":{"footnotes":""},"categories":[3],"tags":[],"class_list":["post-1341","post","type-post","status-publish","format-standard","hentry","category-noticias"],"_links":{"self":[{"href":"https:\/\/hostnetart.com.br\/baixada\/wp-json\/wp\/v2\/posts\/1341","targetHints":{"allow":["GET"]}}],"collection":[{"href":"https:\/\/hostnetart.com.br\/baixada\/wp-json\/wp\/v2\/posts"}],"about":[{"href":"https:\/\/hostnetart.com.br\/baixada\/wp-json\/wp\/v2\/types\/post"}],"author":[{"embeddable":true,"href":"https:\/\/hostnetart.com.br\/baixada\/wp-json\/wp\/v2\/users\/1"}],"replies":[{"embeddable":true,"href":"https:\/\/hostnetart.com.br\/baixada\/wp-json\/wp\/v2\/comments?post=1341"}],"version-history":[{"count":0,"href":"https:\/\/hostnetart.com.br\/baixada\/wp-json\/wp\/v2\/posts\/1341\/revisions"}],"wp:attachment":[{"href":"https:\/\/hostnetart.com.br\/baixada\/wp-json\/wp\/v2\/media?parent=1341"}],"wp:term":[{"taxonomy":"category","embeddable":true,"href":"https:\/\/hostnetart.com.br\/baixada\/wp-json\/wp\/v2\/categories?post=1341"},{"taxonomy":"post_tag","embeddable":true,"href":"https:\/\/hostnetart.com.br\/baixada\/wp-json\/wp\/v2\/tags?post=1341"}],"curies":[{"name":"wp","href":"https:\/\/api.w.org\/{rel}","templated":true}]}}