{"id":13408,"date":"2022-11-24T03:05:21","date_gmt":"2022-11-24T06:05:21","guid":{"rendered":"https:\/\/hostnetart.com.br\/baixada\/cresce-o-numero-de-casos-de-covid-19-em-todo-o-pais-diz-fiocruz\/"},"modified":"2022-11-24T03:05:21","modified_gmt":"2022-11-24T06:05:21","slug":"cresce-o-numero-de-casos-de-covid-19-em-todo-o-pais-diz-fiocruz","status":"publish","type":"post","link":"https:\/\/hostnetart.com.br\/baixada\/cresce-o-numero-de-casos-de-covid-19-em-todo-o-pais-diz-fiocruz\/","title":{"rendered":"Cresce o n\u00famero de casos de covid-19 em todo o pa\u00eds, diz Fiocruz"},"content":{"rendered":"<p>O<a href=\"https:\/\/agencia.fiocruz.br\/sites\/agencia.fiocruz.br\/files\/u34\/resumo_infogripe_2022_46.pdf\" target=\"_blank\" rel=\"noopener noreferrer\">\u00a0Boletim Infogripe divulgado nesta quarta-feira (23)<\/a>\u00a0pela Funda\u00e7\u00e3o Oswaldo Cruz (Fiocruz) aponta aumento da covid-19 entre os casos positivos de S\u00edndrome Respirat\u00f3ria Grave Aguda (SRAG) em todo o pa\u00eds. O levantamento constatou\u00a0que o crescimento \u00e9 mais acentuado no Rio de Janeiro, Para\u00edba e S\u00e3o Paulo.<\/p>\n<p>O estudo analisou o per\u00edodo de 13 a 19 de novembro e \u00e9 referente \u00e0 Semana Epidemiol\u00f3gica (SE) 46 e destaca que cada vez mais estados apontam para o aumento de casos graves de covid-19, que come\u00e7ou a partir do final de outubro e in\u00edcio de novembro. Na tend\u00eancia de longo prazo (\u00faltimas seis semanas), 15 das 27 unidades federativas est\u00e3o com esse cen\u00e1rio. De acordo com a Fiocruz, a gravidade est\u00e1 maior na popula\u00e7\u00e3o adulta e nas faixas et\u00e1rias acima de 60 anos.<\/p>\n<p><strong>Leia mais:<\/strong>\u00a0<a href=\"https:\/\/www.brasildefatorj.com.br\/2022\/11\/21\/cidade-do-rio-inicia-vacina-contra-a-covid-em-criancas-entre-6-meses-e-2-anos-com-comorbidades\" target=\"_blank\" rel=\"noopener noreferrer\">Cidade do Rio inicia vacina contra a covid em crian\u00e7as entre 6 meses e 2 anos com comorbidades<\/a><\/p>\n<p>Nas \u00faltimas quatro semanas epidemiol\u00f3gicas, a preval\u00eancia entre os casos como resultado positivo para v\u00edrus respirat\u00f3rios foi de 6,2% para influenza A; 0,2% para influenza B; 16,3% v\u00edrus sincicial respirat\u00f3rio (VSR); e 61,8% Sars-CoV-2 (covid-19). Entre os \u00f3bitos, a presen\u00e7a destes mesmos v\u00edrus entre os positivos foi de 2,0% para influenza A; 0,0% para influenza B; 0,7% VSR; e 93,3% Sars-CoV-2.<\/p>\n<p class=\"ckeditor-subtitle\">Medidas de Prote\u00e7\u00e3o<\/p>\n<p>O coordenador do Infogripe, Marcelo Gomes, alerta para a necessidade de retorno do uso das m\u00e1scaras e ciclo vacinal completo para frear o aumento de casos e impedir a forma grave da doen\u00e7a.<\/p>\n<p>\u201cPara diminuir a transmiss\u00e3o do v\u00edrus, \u00e9 extremamente importante que a popula\u00e7\u00e3o retome o uso de m\u00e1scaras adequadas em situa\u00e7\u00f5es de maior exposi\u00e7\u00e3o, como transporte p\u00fablico, locais fechados ou mal ventilados, aglomera\u00e7\u00f5es e nas unidades de sa\u00fade. Al\u00e9m disso, estar com a vacina\u00e7\u00e3o em dia \u00e9 fundamental para diminuir o risco de agravamento da doen\u00e7a\u201d, destaca Gomes que ainda alerta para o uso de\u00a0&#8220;boas m\u00e1scaras&#8221;.<\/p>\n<p>&#8220;Importante que a gente retome o uso de boas m\u00e1scaras, N95, PFF2, na aus\u00eancia dessas, o uso de uma m\u00e1scara cir\u00fargica por baixo de uma m\u00e1scara de pano tamb\u00e9m melhora a capacidade de filtragem dessas outras m\u00e1scaras em situa\u00e7\u00f5es de maior exposi\u00e7\u00e3o e risco de transmiss\u00e3o da covid&#8221;, explica o pesquisador.<\/p>\n<p class=\"ckeditor-subtitle\">Estados e Capitais<\/p>\n<p>Quinze das 27 unidades federativas apresentam crescimento moderado na tend\u00eancia de longo prazo nos casos de SRAG at\u00e9 a SE 46: Alagoas, Bahia, Cear\u00e1, Distrito Federal, Goi\u00e1s, Mato Grosso do Sul, Minas Gerais, Par\u00e1, Para\u00edba, Piau\u00ed, Rio Grande do Norte, Rio de Janeiro, Roraima, Santa Catarina e S\u00e3o Paulo. Na maioria desses estados, o aumento est\u00e1 presente na popula\u00e7\u00e3o adulta e nas faixas et\u00e1rias acima de 60 anos.<\/p>\n<p><strong>Leia mais:<\/strong>\u00a0<a href=\"https:\/\/www.brasildefato.com.br\/2022\/11\/21\/covid-brasil-poderia-ter-salvado-47-mil-idosos-e-idosas-com-vacinacao-mais-agil\" target=\"_blank\" rel=\"noopener noreferrer\">Covid: Brasil poderia ter salvado 47 mil idosos e idosas com vacina\u00e7\u00e3o mais \u00e1gil<\/a><\/p>\n<p>Dezessete das 27 capitais apresentam crescimento moderado na tend\u00eancia de longo prazo at\u00e9 a SE 46: Aracaju (SE), Bel\u00e9m (PA), plano piloto e arredores de Bras\u00edlia (DF), Campo Grande (MS), Curitiba (PR), Florian\u00f3polis (SC), Fortaleza (CE), Goi\u00e2nia (GO), Jo\u00e3o Pessoa (PB), Macei\u00f3 (AL), Natal (RN), Recife (PE), Rio de Janeiro (RJ), Salvador (BA), S\u00e3o Lu\u00eds (MA), S\u00e3o Paulo (SP) e Teresina (PI).<\/p>\n<p><strong>Fonte:\u00a0<\/strong><a href=\"https:\/\/www.brasildefatorj.com.br\/2022\/11\/23\/fiocruz-aponta-aumento-de-casos-de-covid-19-em-todo-o-pais\" target=\"_blank\" rel=\"noopener noreferrer\">BdF Rio de Janeiro<\/a><\/p>\n","protected":false},"excerpt":{"rendered":"<p>O\u00a0Boletim Infogripe divulgado nesta quarta-feira (23)\u00a0pela Funda\u00e7\u00e3o Oswaldo Cruz (Fiocruz) aponta aumento da covid-19 entre os casos positivos de S\u00edndrome Respirat\u00f3ria Grave Aguda (SRAG) em todo o pa\u00eds. O levantamento constatou\u00a0que o crescimento \u00e9 mais acentuado no Rio de Janeiro, Para\u00edba e S\u00e3o Paulo. O estudo analisou o per\u00edodo de 13 a 19 de novembro [&hellip;]<\/p>\n","protected":false},"author":2,"featured_media":13407,"comment_status":"","ping_status":"","sticky":false,"template":"","format":"standard","meta":{"footnotes":""},"categories":[3],"tags":[],"class_list":["post-13408","post","type-post","status-publish","format-standard","has-post-thumbnail","hentry","category-noticias"],"_links":{"self":[{"href":"https:\/\/hostnetart.com.br\/baixada\/wp-json\/wp\/v2\/posts\/13408","targetHints":{"allow":["GET"]}}],"collection":[{"href":"https:\/\/hostnetart.com.br\/baixada\/wp-json\/wp\/v2\/posts"}],"about":[{"href":"https:\/\/hostnetart.com.br\/baixada\/wp-json\/wp\/v2\/types\/post"}],"author":[{"embeddable":true,"href":"https:\/\/hostnetart.com.br\/baixada\/wp-json\/wp\/v2\/users\/2"}],"replies":[{"embeddable":true,"href":"https:\/\/hostnetart.com.br\/baixada\/wp-json\/wp\/v2\/comments?post=13408"}],"version-history":[{"count":0,"href":"https:\/\/hostnetart.com.br\/baixada\/wp-json\/wp\/v2\/posts\/13408\/revisions"}],"wp:featuredmedia":[{"embeddable":true,"href":"https:\/\/hostnetart.com.br\/baixada\/wp-json\/wp\/v2\/media\/13407"}],"wp:attachment":[{"href":"https:\/\/hostnetart.com.br\/baixada\/wp-json\/wp\/v2\/media?parent=13408"}],"wp:term":[{"taxonomy":"category","embeddable":true,"href":"https:\/\/hostnetart.com.br\/baixada\/wp-json\/wp\/v2\/categories?post=13408"},{"taxonomy":"post_tag","embeddable":true,"href":"https:\/\/hostnetart.com.br\/baixada\/wp-json\/wp\/v2\/tags?post=13408"}],"curies":[{"name":"wp","href":"https:\/\/api.w.org\/{rel}","templated":true}]}}