{"id":13404,"date":"2022-11-23T18:55:03","date_gmt":"2022-11-23T21:55:03","guid":{"rendered":"https:\/\/hostnetart.com.br\/baixada\/bradesco-atende-reivindicacao-do-movimento-sindical-e-lanca-campanha-contra-covid-19\/"},"modified":"2022-11-23T18:55:03","modified_gmt":"2022-11-23T21:55:03","slug":"bradesco-atende-reivindicacao-do-movimento-sindical-e-lanca-campanha-contra-covid-19","status":"publish","type":"post","link":"https:\/\/hostnetart.com.br\/baixada\/bradesco-atende-reivindicacao-do-movimento-sindical-e-lanca-campanha-contra-covid-19\/","title":{"rendered":"Bradesco atende reivindica\u00e7\u00e3o do Movimento Sindical e lan\u00e7a campanha contra covid-19"},"content":{"rendered":"<p>Depois da reivindica\u00e7\u00e3o da Comiss\u00e3o de Organiza\u00e7\u00e3o dos Empregados (COE), o Bradesco inicia, nesta quarta-feira (23), nova campanha de preven\u00e7\u00e3o contra a covid-19. O aumento nas interna\u00e7\u00f5es de adultos e crian\u00e7as e o crescimento de exames positivos para a doen\u00e7a j\u00e1 indicavam mais um recrudescimento da pandemia neste ano. Essa impress\u00e3o \u00e9 confirmada pela taxa de transmiss\u00e3o (Rt) do v\u00edrus, que disparou em novembro e atingiu os mesmos patamares alcan\u00e7ados entre maio e junho, quando ocorreu a \u00faltima onda de cont\u00e1gios.<\/p>\n<p>At\u00e9 o dia 7 de dezembro o banco far\u00e1 a\u00e7\u00f5es explicando a import\u00e2ncia dos cuidados e da preven\u00e7\u00e3o. \u201cA pandemia n\u00e3o acabou. N\u00f3s temos que nos cuidar. Por isso, cobramos do banco que nos ajude a conscientizar os trabalhadores e os clientes\u201d, afirmou a coordenadora da COE do Bradesco, Magaly Fagundes.<\/p>\n<h3>Protocolo de covid<\/h3>\n<p>A COE cobrou ainda o refor\u00e7o dos novos protocolos da covid-19 entre os funcion\u00e1rios, que foram alterados com o avan\u00e7o das vacina\u00e7\u00f5es. \u201cOs cuidados devem ser redobrados, pois as atividades dos banc\u00e1rios s\u00e3o sempre em contato com muitas pessoas\u201d. Magaly orienta, ainda, que \u201ctodos sigam os protocolos de sa\u00fade, conforme a orienta\u00e7\u00e3o de especialistas, mesmo sem a obriga\u00e7\u00e3o legal que vigorou at\u00e9 alguns meses atr\u00e1s, pois esse \u00e9 o \u00fanico caminho para proteger a si mesmo, a fam\u00edlia e a sociedade como um todo\u201d.<\/p>\n<p>Em caso de sintomas, a orienta\u00e7\u00e3o \u00e9 procurar atendimento m\u00e9dico e, se testar positivo, entrar em contato com o Lig viva bem. A partir do teste, ficar afastado por sete dias. A ag\u00eancia ser\u00e1 higienizada.<\/p>\n<p><strong>Fonte: Contraf-CUT<\/strong><\/p>\n","protected":false},"excerpt":{"rendered":"<p>Depois da reivindica\u00e7\u00e3o da Comiss\u00e3o de Organiza\u00e7\u00e3o dos Empregados (COE), o Bradesco inicia, nesta quarta-feira (23), nova campanha de preven\u00e7\u00e3o contra a covid-19. O aumento nas interna\u00e7\u00f5es de adultos e crian\u00e7as e o crescimento de exames positivos para a doen\u00e7a j\u00e1 indicavam mais um recrudescimento da pandemia neste ano. Essa impress\u00e3o \u00e9 confirmada pela taxa [&hellip;]<\/p>\n","protected":false},"author":2,"featured_media":13403,"comment_status":"","ping_status":"","sticky":false,"template":"","format":"standard","meta":{"footnotes":""},"categories":[3],"tags":[],"class_list":["post-13404","post","type-post","status-publish","format-standard","has-post-thumbnail","hentry","category-noticias"],"_links":{"self":[{"href":"https:\/\/hostnetart.com.br\/baixada\/wp-json\/wp\/v2\/posts\/13404","targetHints":{"allow":["GET"]}}],"collection":[{"href":"https:\/\/hostnetart.com.br\/baixada\/wp-json\/wp\/v2\/posts"}],"about":[{"href":"https:\/\/hostnetart.com.br\/baixada\/wp-json\/wp\/v2\/types\/post"}],"author":[{"embeddable":true,"href":"https:\/\/hostnetart.com.br\/baixada\/wp-json\/wp\/v2\/users\/2"}],"replies":[{"embeddable":true,"href":"https:\/\/hostnetart.com.br\/baixada\/wp-json\/wp\/v2\/comments?post=13404"}],"version-history":[{"count":0,"href":"https:\/\/hostnetart.com.br\/baixada\/wp-json\/wp\/v2\/posts\/13404\/revisions"}],"wp:featuredmedia":[{"embeddable":true,"href":"https:\/\/hostnetart.com.br\/baixada\/wp-json\/wp\/v2\/media\/13403"}],"wp:attachment":[{"href":"https:\/\/hostnetart.com.br\/baixada\/wp-json\/wp\/v2\/media?parent=13404"}],"wp:term":[{"taxonomy":"category","embeddable":true,"href":"https:\/\/hostnetart.com.br\/baixada\/wp-json\/wp\/v2\/categories?post=13404"},{"taxonomy":"post_tag","embeddable":true,"href":"https:\/\/hostnetart.com.br\/baixada\/wp-json\/wp\/v2\/tags?post=13404"}],"curies":[{"name":"wp","href":"https:\/\/api.w.org\/{rel}","templated":true}]}}