{"id":13394,"date":"2022-11-22T03:28:58","date_gmt":"2022-11-22T06:28:58","guid":{"rendered":"https:\/\/hostnetart.com.br\/baixada\/santander-nao-vai-abonar-horas-nao-trabalhadas-em-jogos-do-brasil\/"},"modified":"2022-11-22T03:28:58","modified_gmt":"2022-11-22T06:28:58","slug":"santander-nao-vai-abonar-horas-nao-trabalhadas-em-jogos-do-brasil","status":"publish","type":"post","link":"https:\/\/hostnetart.com.br\/baixada\/santander-nao-vai-abonar-horas-nao-trabalhadas-em-jogos-do-brasil\/","title":{"rendered":"Santander n\u00e3o vai abonar horas n\u00e3o trabalhadas em jogos do Brasil"},"content":{"rendered":"<p>Na contram\u00e3o dos demais bancos que atuam no pa\u00eds, o Santander confirmou, nesta segunda-feira (21), que as horas n\u00e3o trabalhadas durante os jogos da sele\u00e7\u00e3o brasileira na Copa do Mundo devem ser compensadas. No dia 8 de novembro, a Confedera\u00e7\u00e3o Nacional dos Trabalhadores do Ramo Financeiro (Contraf-CUT) e demais entidades de representa\u00e7\u00e3o dos empregados que fazem parte do Comando Nacional dos Banc\u00e1rios havia\u00a0<a href=\"https:\/\/contrafcut.com.br\/noticias\/movimento-sindical-exige-que-santander-abone-horas-de-jogos-do-brasil\/\">enviado um of\u00edcio ao banco<\/a>\u00a0solicitando o abono das horas n\u00e3o trabalhadas. Na semana anterior o banco havia comunicado que n\u00e3o abonaria as horas.<\/p>\n<p>A confirma\u00e7\u00e3o de que as horas n\u00e3o ser\u00e3o abonadas ocorreu nesta segunda-feira, em reuni\u00e3o no comit\u00ea do banco. O Santander disse ter avaliado a solicita\u00e7\u00e3o do movimento sindical, mas que manter\u00e1 a exig\u00eancia de compensa\u00e7\u00e3o das horas.<\/p>\n<p>\u201c\u00c9 um momento de descontra\u00e7\u00e3o da popula\u00e7\u00e3o brasileira. A reivindica\u00e7\u00e3o do abono das horas n\u00e3o trabalhadas \u00e9 totalmente poss\u00edvel de ser atendida por um banco que lucra tanto aqui no pa\u00eds com a for\u00e7a de trabalho dos seus empregados\u201d, lamentou a coordenadora da Comiss\u00e3o de Organiza\u00e7\u00e3o dos Empregados (COE) do Santander, Lucimara Malaquias.<\/p>\n<p>\u201cNenhum banco vai exigir a compensa\u00e7\u00e3o, com exce\u00e7\u00e3o do Santander, que prega tanto a flexibilidade e a moderniza\u00e7\u00e3o da jornada de trabalho, por\u00e9m s\u00f3 quando interessa ao banco, que nunca abre m\u00e3o de absolutamente nada quando \u00e9 de interesse dos trabalhadores, que repudiam esta decis\u00e3o que refor\u00e7a o jeitinho Santander de atuar no pa\u00eds: retr\u00f3grado, inflex\u00edvel, com vis\u00e3o e a\u00e7\u00f5es explorat\u00f3rias e sem nenhum respeito pelos trabalhadores e pelo pa\u00eds do qual obt\u00e9m tanto lucro\u201d, completou Lucimara.<\/p>\n<p><strong>&gt;&gt;&gt;&gt;&gt;<\/strong>\u00a0<a href=\"https:\/\/contrafcut.com.br\/noticias\/coe-do-bradesco-retoma-negociacoes-de-minuta-especifica\" target=\"_blank\" rel=\"noopener noreferrer\">Bradesco confirma que horas ser\u00e3o abonadas<\/a><\/p>\n<p>A funcion\u00e1ria da Santander e secret\u00e1ria de Rela\u00e7\u00f5es Internacionais da Contraf-CUT, Rita Berlofa, lembra que a decis\u00e3o de compensar as horas n\u00e3o trabalhadas \u00e9 recha\u00e7ada pelos trabalhadores, que demonstram grande insatisfa\u00e7\u00e3o com o fato. \u201cAo manter esta decis\u00e3o, o banco perde uma grande oportunidade de dialogar com os interesses dos trabalhadores e de estimular um ambiente mais integrativo e salutar no espa\u00e7o de trabalho\u201d, disse. \u201cAssistir aos jogos precisa ser um momento de lazer e n\u00e3o de preocupa\u00e7\u00e3o sobre como conciliar agenda pessoal com a compensa\u00e7\u00e3o das horas\u201d, completou.<\/p>\n<p>O hor\u00e1rio especial de atendimento ao p\u00fablico nas ag\u00eancias, nos dias de jogos da sele\u00e7\u00e3o brasileira de futebol durante a Copa do Mundo,\u00a0<a href=\"https:\/\/portal.febraban.org.br\/noticia\/3862\/pt-br\" target=\"_blank\" rel=\"noopener noreferrer\">foi estabelecido<\/a>\u00a0pela Federa\u00e7\u00e3o Brasileira de Bancos (Febraban) levando em conta quest\u00f5es como a seguran\u00e7a das ag\u00eancias e de transporte de valores e a Resolu\u00e7\u00e3o n\u00ba 4.880, de 23 de dezembro de 2020, do Conselho Monet\u00e1rio Nacional, que autoriza as institui\u00e7\u00f5es financeiras a estabelecer o hor\u00e1rio de atendimento ao p\u00fablico em suas depend\u00eancias.<\/p>\n<p><strong>Veja abaixo o hor\u00e1rio de expediente banc\u00e1rio nos dias de jogos da sele\u00e7\u00e3o brasileira:<\/strong><\/p>\n<p><strong>Nos jogos com hor\u00e1rio previsto \u00e0s 12h<\/strong><\/p>\n<ul>\n<li>Nos Estados com hor\u00e1rio igual ao hor\u00e1rio de Bras\u00edlia, o atendimento ao p\u00fablico ser\u00e1 das 9h \u00e0s 11h e das 15h30 \u00e0s 16h30.<\/li>\n<li>Nos Estados com diferen\u00e7a de 1h em rela\u00e7\u00e3o ao hor\u00e1rio de Bras\u00edlia, o atendimento ao p\u00fablico ser\u00e1 das 8h \u00e0s 10h e das 14h30 \u00e0s 15h30.<\/li>\n<li>Nos Estados com diferen\u00e7a de 2h em rela\u00e7\u00e3o ao hor\u00e1rio de Bras\u00edlia: das 7h \u00e0s 9h e das 13h30 \u00e0s 14h30.<\/li>\n<li>Nas ag\u00eancias em Fernando de Noronha (1h antes do hor\u00e1rio de Bras\u00edlia): das 8h \u00e0s 12h.<\/li>\n<\/ul>\n<p><strong>Nos jogos com hor\u00e1rio previsto \u00e0s 13h<\/strong><\/p>\n<ul>\n<li>Estados com hor\u00e1rio igual ao hor\u00e1rio de Bras\u00edlia: das 8h30 \u00e0s 11h30.<\/li>\n<li>Estados com diferen\u00e7a de 1h em rela\u00e7\u00e3o ao hor\u00e1rio de Bras\u00edlia: das 7h30 \u00e0s 10h30.<\/li>\n<li>Estados com diferen\u00e7a de 2h em rela\u00e7\u00e3o ao hor\u00e1rio de Bras\u00edlia: das 7h \u00e0s 9h30.<\/li>\n<\/ul>\n<p><strong>Nos Jogos com hor\u00e1rio previsto \u00e0s 16h<\/strong><\/p>\n<ul>\n<li>Estados com hor\u00e1rio igual ao hor\u00e1rio de Bras\u00edlia: das 9h \u00e0s 14h<\/li>\n<li>Estados com diferen\u00e7a de 1h em rela\u00e7\u00e3o ao hor\u00e1rio de Bras\u00edlia: das 8h \u00e0s 13h<\/li>\n<li>Estados com diferen\u00e7a de 2h em rela\u00e7\u00e3o ao hor\u00e1rio de Bras\u00edlia: das 7h \u00e0s 12h.<\/li>\n<\/ul>\n<p><strong>Fonte: Contraf-CUT<\/strong><\/p>\n","protected":false},"excerpt":{"rendered":"<p>Na contram\u00e3o dos demais bancos que atuam no pa\u00eds, o Santander confirmou, nesta segunda-feira (21), que as horas n\u00e3o trabalhadas durante os jogos da sele\u00e7\u00e3o brasileira na Copa do Mundo devem ser compensadas. No dia 8 de novembro, a Confedera\u00e7\u00e3o Nacional dos Trabalhadores do Ramo Financeiro (Contraf-CUT) e demais entidades de representa\u00e7\u00e3o dos empregados que [&hellip;]<\/p>\n","protected":false},"author":2,"featured_media":13393,"comment_status":"","ping_status":"","sticky":false,"template":"","format":"standard","meta":{"footnotes":""},"categories":[3],"tags":[],"class_list":["post-13394","post","type-post","status-publish","format-standard","has-post-thumbnail","hentry","category-noticias"],"_links":{"self":[{"href":"https:\/\/hostnetart.com.br\/baixada\/wp-json\/wp\/v2\/posts\/13394","targetHints":{"allow":["GET"]}}],"collection":[{"href":"https:\/\/hostnetart.com.br\/baixada\/wp-json\/wp\/v2\/posts"}],"about":[{"href":"https:\/\/hostnetart.com.br\/baixada\/wp-json\/wp\/v2\/types\/post"}],"author":[{"embeddable":true,"href":"https:\/\/hostnetart.com.br\/baixada\/wp-json\/wp\/v2\/users\/2"}],"replies":[{"embeddable":true,"href":"https:\/\/hostnetart.com.br\/baixada\/wp-json\/wp\/v2\/comments?post=13394"}],"version-history":[{"count":0,"href":"https:\/\/hostnetart.com.br\/baixada\/wp-json\/wp\/v2\/posts\/13394\/revisions"}],"wp:featuredmedia":[{"embeddable":true,"href":"https:\/\/hostnetart.com.br\/baixada\/wp-json\/wp\/v2\/media\/13393"}],"wp:attachment":[{"href":"https:\/\/hostnetart.com.br\/baixada\/wp-json\/wp\/v2\/media?parent=13394"}],"wp:term":[{"taxonomy":"category","embeddable":true,"href":"https:\/\/hostnetart.com.br\/baixada\/wp-json\/wp\/v2\/categories?post=13394"},{"taxonomy":"post_tag","embeddable":true,"href":"https:\/\/hostnetart.com.br\/baixada\/wp-json\/wp\/v2\/tags?post=13394"}],"curies":[{"name":"wp","href":"https:\/\/api.w.org\/{rel}","templated":true}]}}