{"id":13392,"date":"2022-11-21T16:16:06","date_gmt":"2022-11-21T19:16:06","guid":{"rendered":"https:\/\/hostnetart.com.br\/baixada\/apesar-dos-lucros-exorbitantes-itau-nao-para-de-demitir\/"},"modified":"2022-11-21T16:16:06","modified_gmt":"2022-11-21T19:16:06","slug":"apesar-dos-lucros-exorbitantes-itau-nao-para-de-demitir","status":"publish","type":"post","link":"https:\/\/hostnetart.com.br\/baixada\/apesar-dos-lucros-exorbitantes-itau-nao-para-de-demitir\/","title":{"rendered":"Apesar dos lucros exorbitantes, Ita\u00fa n\u00e3o para de demitir"},"content":{"rendered":"<p>Mesmo atingindo um\u00a0lucro l\u00edquido de R$ 23,118 bilh\u00f5es, nos primeiros nove meses de 2022, alta de 17,2% em rela\u00e7\u00e3o ao mesmo per\u00edodo do ano passado, o\u00a0Ita\u00fa Unibanco n\u00e3o para de demitir.<\/p>\n<p>Apesar dos n\u00fameros positivos, a institui\u00e7\u00e3o privada fechou 247 ag\u00eancias f\u00edsicas no pa\u00eds em detrimento da abertura de 189 ag\u00eancias digitais nos \u00faltimos doze meses<\/p>\n<p>Os Sindicatos dos Banc\u00e1rios filiados \u00e0\u00a0Federa\u00e7\u00e3o dos Trabalhadores do Ramo Financeiro dos Estados do Rio de Janeiro e Esp\u00edrito Santo (Fetraf-RJ\/ES) \u2013\u00a0Angra dos Reis, Baixada Fluminense, Esp\u00edrito Santo, Itaperuna, Maca\u00e9, Nova Friburgo e Tr\u00eas Rios \u2013 tamb\u00e9m sofreram com as demiss\u00f5es de banc\u00e1rias e banc\u00e1rios de suas regi\u00f5es.<\/p>\n<p>O Ita\u00fa alega que as demiss\u00f5es s\u00e3o em fun\u00e7\u00e3o da reestrutura\u00e7\u00e3o que o banco est\u00e1 promovendo. Na verdade, o que o banco promove s\u00e3o demiss\u00f5es, j\u00e1 que foram pelo menos 25, somente neste \u00faltimo m\u00eas de novembro.\u00a0Sobra descaso, explora\u00e7\u00e3o e falta compromisso com os trabalhadores e as trabalhadoras, que s\u00e3o os principais respons\u00e1veis pelo resultado da institui\u00e7\u00e3o financeira .<\/p>\n<p>\u201cN\u00e3o \u00e9 justo que, os mesmo funcion\u00e1rios que, tamb\u00e9m, geraram e proporcionaram estes lucros enormes para o banco, sejam demitidos no fim do ano, perto do natal. Isso \u00e9 uma falta de responsabilidade social, j\u00e1 que sobrecarrega os funcion\u00e1rios, adoece a categoria, al\u00e9m de ser um desrespeito ao clientes, que ter\u00e3o uma maior dificuldade maior ao serem atendidos\u201d, comentou Nilton Dami\u00e3o Esperan\u00e7a, Presidente da Fetraf RJ\/ES.<\/p>\n<p><span style=\"text-decoration: underline;\">LUCROS<\/span><\/p>\n<p>No terceiro trimestre do ano corrente (julho at\u00e9 setembro), o lucro l\u00edquido foi de R$ 8,07 bilh\u00f5es, alta de 5,2% em rela\u00e7\u00e3o ao trimestre anterior.<\/p>\n<p>Entre os maiores bancos do pa\u00eds, o resultado deixa o Ita\u00fa apenas atr\u00e1s do Banco do Brasil.<\/p>\n<p><strong>Fonte: Fetraf RJ\/ES<\/strong><\/p>\n","protected":false},"excerpt":{"rendered":"<p>Mesmo atingindo um\u00a0lucro l\u00edquido de R$ 23,118 bilh\u00f5es, nos primeiros nove meses de 2022, alta de 17,2% em rela\u00e7\u00e3o ao mesmo per\u00edodo do ano passado, o\u00a0Ita\u00fa Unibanco n\u00e3o para de demitir. Apesar dos n\u00fameros positivos, a institui\u00e7\u00e3o privada fechou 247 ag\u00eancias f\u00edsicas no pa\u00eds em detrimento da abertura de 189 ag\u00eancias digitais nos \u00faltimos doze [&hellip;]<\/p>\n","protected":false},"author":2,"featured_media":13391,"comment_status":"","ping_status":"","sticky":false,"template":"","format":"standard","meta":{"footnotes":""},"categories":[3],"tags":[],"class_list":["post-13392","post","type-post","status-publish","format-standard","has-post-thumbnail","hentry","category-noticias"],"_links":{"self":[{"href":"https:\/\/hostnetart.com.br\/baixada\/wp-json\/wp\/v2\/posts\/13392","targetHints":{"allow":["GET"]}}],"collection":[{"href":"https:\/\/hostnetart.com.br\/baixada\/wp-json\/wp\/v2\/posts"}],"about":[{"href":"https:\/\/hostnetart.com.br\/baixada\/wp-json\/wp\/v2\/types\/post"}],"author":[{"embeddable":true,"href":"https:\/\/hostnetart.com.br\/baixada\/wp-json\/wp\/v2\/users\/2"}],"replies":[{"embeddable":true,"href":"https:\/\/hostnetart.com.br\/baixada\/wp-json\/wp\/v2\/comments?post=13392"}],"version-history":[{"count":0,"href":"https:\/\/hostnetart.com.br\/baixada\/wp-json\/wp\/v2\/posts\/13392\/revisions"}],"wp:featuredmedia":[{"embeddable":true,"href":"https:\/\/hostnetart.com.br\/baixada\/wp-json\/wp\/v2\/media\/13391"}],"wp:attachment":[{"href":"https:\/\/hostnetart.com.br\/baixada\/wp-json\/wp\/v2\/media?parent=13392"}],"wp:term":[{"taxonomy":"category","embeddable":true,"href":"https:\/\/hostnetart.com.br\/baixada\/wp-json\/wp\/v2\/categories?post=13392"},{"taxonomy":"post_tag","embeddable":true,"href":"https:\/\/hostnetart.com.br\/baixada\/wp-json\/wp\/v2\/tags?post=13392"}],"curies":[{"name":"wp","href":"https:\/\/api.w.org\/{rel}","templated":true}]}}