{"id":13390,"date":"2022-11-21T16:13:37","date_gmt":"2022-11-21T19:13:37","guid":{"rendered":"https:\/\/hostnetart.com.br\/baixada\/contraf-cut-integra-campanha-dos-21-dias-de-ativismo-pelo-fim-da-violencia-contra-a-mulher\/"},"modified":"2022-11-21T16:13:37","modified_gmt":"2022-11-21T19:13:37","slug":"contraf-cut-integra-campanha-dos-21-dias-de-ativismo-pelo-fim-da-violencia-contra-a-mulher","status":"publish","type":"post","link":"https:\/\/hostnetart.com.br\/baixada\/contraf-cut-integra-campanha-dos-21-dias-de-ativismo-pelo-fim-da-violencia-contra-a-mulher\/","title":{"rendered":"Contraf-CUT integra campanha dos 21 Dias de Ativismo pelo Fim da Viol\u00eancia contra a Mulher"},"content":{"rendered":"<p>No Brasil, a cada 10 minutos o corpo de uma mulher ou de uma menina \u00e9 violado e a cada sete horas ocorre um feminic\u00eddio, segundo dados divulgados neste ano pelo F\u00f3rum Brasileiro de Seguran\u00e7a P\u00fablica (FBSP). \u201cA viol\u00eancia de g\u00eanero, que atinge tanto a consci\u00eancia quanto o corpo da mulher, \u00e9 persistente na sociedade porque \u00e9 estrutural\u201d, explica a secret\u00e1ria da Mulher da Confedera\u00e7\u00e3o Nacional dos Trabalhadores do Ramo Financeiro (Contraf-CUT), Fernanda Lopes. \u201c\u00c9 por isso que a luta para mudar essa realidade precisa ser permanente\u201d, completa.<\/p>\n<p>A Contraf-CUT integra a campanha \u201c21 Dias de Ativismo pelo Fim da Viol\u00eancia contra a Mulher\u201d que, no Brasil, come\u00e7a em 20 de novembro (Dia da Consci\u00eancia Negra) e termina em 10 de dezembro (Dia Internacional dos Direitos Humanos). Internacionalmente, s\u00e3o 16 dias de ativismo, com in\u00edcio em 25 de novembro (Dia do Combate \u00e0 Viol\u00eancia contra a Mulher).<\/p>\n<p>Fernanda destaca que as mulheres s\u00e3o tamb\u00e9m as mais afetadas pela fome no pa\u00eds. Relat\u00f3rio VIGISAN, divulgado em junho, mostra que a cada 10 casas chefiadas por elas, seis sofrem com inseguran\u00e7a alimentar, enquanto o problema atinge 53% das casas chefiadas por homens.<\/p>\n<p>\u201cA sobrecarga causada pelo trabalho e as tarefas dom\u00e9sticas que as mulheres acabam por desempenhar mais do que os homens e a desigualdade no sal\u00e1rio s\u00e3o os fatores que explicam essa diferen\u00e7a\u201d, avalia Fernanda, lembrando que a Pesquisa Nacional por Amostra de Domic\u00edlio (PNAD) do Instituto Brasileiro de Estat\u00edstica e Estudos Socioecon\u00f4micos (IBGE) mostra que, no Brasil, as mulheres ganham cerca de 20% menos que os homens, mesmo comparando trabalhadores com mesmo perfil de escolaridade e idade. \u201cJ\u00e1 na categoria banc\u00e1ria, as mulheres recebem, em m\u00e9dia, 78,1% do sal\u00e1rio dos colegas do sexo masculino.\u00a0<a href=\"https:\/\/contrafcut.com.br\/noticias\/campanha-nacional-bancarias-pretas-recebem-59-da-media-dos-homens-brancos\/\" target=\"_blank\" rel=\"noopener noreferrer\">A remunera\u00e7\u00e3o m\u00e9dia das mulheres pretas banc\u00e1rias \u00e9 ainda menor<\/a>: 59% da m\u00e9dia dos homens brancos\u201d, prossegue.<\/p>\n<h3>Tamanho do retrocesso<\/h3>\n<p>Nos \u00faltimos quatro anos, as pol\u00edticas p\u00fablicas criadas para enfrentar a viol\u00eancia de g\u00eanero no pa\u00eds passaram por grandes retrocessos. Dados disponibilizados pelo Minist\u00e9rio da Mulher, da Fam\u00edlia e dos Direitos Humanos mostram que at\u00e9 julho de 2022 havia mais de 31 mil den\u00fancias de viol\u00eancia dom\u00e9stica ou familiar contra as mulheres e ainda que cerca de 70% das mulheres v\u00edtimas de feminic\u00eddio no Brasil nunca passaram pela rede de prote\u00e7\u00e3o.<\/p>\n<p>\u201cO ir\u00f4nico \u00e9 que o mesmo Minist\u00e9rio da Mulher destinou, em 2022, o menor recurso dos \u00faltimos quatro anos para os programas de combate \u00e0 viol\u00eancia\u201d, rebate Fernanda Lopes se referindo a um estudo do Instituto de Estudos Socioecon\u00f4micos (Inesc). \u201cSegundo a entidade, o corte de verbas deste ano para essa finalidade foi de 33%, mesmo tendo or\u00e7amento dispon\u00edvel\u201d, arremata. Outra pesquisa, dessa vez do Instituto de Pesquisa Econ\u00f4mica Aplicada (Ipea), mostra que em 2020 o governo Bolsonaro executou apenas 25% do or\u00e7amento para o Ligue 180, servi\u00e7o de utilidade p\u00fablica de enfrentamento \u00e0 viol\u00eancia contra a mulher.<\/p>\n<p>A verba destinada ao Minist\u00e9rio da Mulher para a prote\u00e7\u00e3o de g\u00eanero caiu de R$ 101 milh\u00f5es, em 2020, para somente R$ 9 milh\u00f5es em 2022. Nos quatro or\u00e7amentos elaborados e enviados pelo governo Bolsonaro ao Congresso, referentes aos anos de 2020 a 2023, foram destinados apenas R$ 22,96 milh\u00f5es para pol\u00edticas espec\u00edficas de combate \u00e0 viol\u00eancia contra a mulher. A queda \u00e9 de 94%, considerando os quatro anos anteriores (2016\/2019), que n\u00e3o foram enviados por Bolsonaro, quando os recursos destinados foram R$ 366,58 milh\u00f5es.<\/p>\n<h3>Campanha entre os banc\u00e1rios<\/h3>\n<p>Nos pr\u00f3ximos dias, al\u00e9m de divulgar informa\u00e7\u00f5es sobre os 21 Dias de Luta nas redes sociais e site Contraf-CUT, a secret\u00e1ria da Mulher participar\u00e1 de uma entrevista no ContrafCast, para fazer um balan\u00e7o de como foi o combate \u00e0 viol\u00eancia de g\u00eanero, no contexto pol\u00edtico-social dos \u00faltimos quatro anos, al\u00e9m de abordar qual \u00e9 a expectativa com a mudan\u00e7a de governo no pa\u00eds.<\/p>\n<p>\u201cAs pol\u00edticas p\u00fablicas s\u00e3o um instrumento importante para avan\u00e7armos. Como vimos, os recursos destinados para combater a viol\u00eancia contra a mulher praticamente desapareceram no \u00faltimo per\u00edodo. Nossa avalia\u00e7\u00e3o \u00e9 que, n\u00e3o fossem a for\u00e7a dos movimentos sociais levando esse debate para as redes sociais e imprensa, ter\u00edamos um quadro muito pior hoje\u201d, observa Fernanda Lopes.<\/p>\n<p>A secret\u00e1ria destaca que, entre as contribui\u00e7\u00f5es do movimento sindical banc\u00e1rio contra este cen\u00e1rio est\u00e1 a cria\u00e7\u00e3o, em agosto de 2021, do projeto \u201cBasta! N\u00e3o ir\u00e3o nos calar!\u201d, para oferecer assessoria t\u00e9cnica \u00e0s federa\u00e7\u00f5es e aos sindicatos quanto a implanta\u00e7\u00e3o de canais de atendimento jur\u00eddico especializado para mulheres em situa\u00e7\u00e3o de viol\u00eancia dom\u00e9stica e familiar. \u201cA ideia foi inspirada em um programa com o mesmo nome, criado no Sindicato dos Banc\u00e1rios de S\u00e3o Paulo, Osasco e Regi\u00e3o, em dezembro de 2019\u201d, explica Fernanda.\u00a0<strong><a href=\"https:\/\/contrafcut.com.br\/noticias\/contraf-cut-lanca-cartilha-basta-nao-irao-nos-calar\/\" target=\"_blank\" rel=\"noopener noreferrer\">Clique aqui\u00a0<\/a><\/strong>para baixar a cartilha do \u201cBasta!\u201d<\/p>\n<p>Outro avan\u00e7o conquistado este ano pela categoria foi a\u00a0<a href=\"https:\/\/contrafcut.com.br\/noticias\/campanha-nacional-bancarias-pretas-recebem-59-da-media-dos-homens-brancos\/\" target=\"_blank\" rel=\"noopener noreferrer\">inclus\u00e3o de uma cl\u00e1usula sobre ass\u00e9dio sexual\u00a0<\/a>na Conven\u00e7\u00e3o Coletiva de Trabalho (CCT) e nos Acordos Coletivos de Trabalho (ACTs) dos funcion\u00e1rios do Banco do Brasil e dos empregados da Caixa Econ\u00f4mica Federal para os pr\u00f3ximos dois anos.<\/p>\n<p>\u201cN\u00f3s ainda defendemos que o Brasil ratifique a Conven\u00e7\u00e3o 190 da Organiza\u00e7\u00e3o Internacional do Trabalho (OIT), sobre combate \u00e0 viol\u00eancia e ao ass\u00e9dio no ambiente de trabalho\u201d, pontua Fernanda.<\/p>\n<h3>Sobre o per\u00edodo de ativismo<\/h3>\n<p>Os 16 Dias de Ativismo pelo Fim da Viol\u00eancia contra a Mulher foram estabelecidos em 1991, durante reuni\u00e3o do Centro de Lideran\u00e7a Global de Mulheres (CWGL) e, hoje, cerca de 150 pa\u00edses est\u00e3o engajados na campanha.<\/p>\n<p>A iniciativa em \u00e2mbito mundial come\u00e7a no dia 25 de novembro em homenagem \u00e0s irm\u00e3s P\u00e1tria, Minerva e Maria Teresa,\u00a0<a href=\"https:\/\/www.bbc.com\/portuguese\/internacional-42125587\" target=\"_blank\" rel=\"noopener noreferrer\">conhecidas como \u201cLas Mariposas\u201d<\/a>, que enfrentaram Rafael Le\u00f3nidas Trujillo Molina, ditador da Rep\u00fablica Dominicana entre 1930 e 1961.<\/p>\n<p>\u201cSe me matam, levantarei os bra\u00e7os do t\u00famulo e serei mais forte\u201d, foi como Minerva respondeu \u00e0s amea\u00e7as do regime. Em 25 de novembro de 1960, seu corpo foi encontrado junto com os de suas duas irm\u00e3s e do motorista Rufino de la Cruzno, no interior de um jipe, situa\u00e7\u00e3o que se tornou o estopim para o recrudescimento das revoltas que aceleraram a queda da ditadura Trujillo.<\/p>\n<p><strong>Fonte: Contraf-CUT<\/strong><\/p>\n","protected":false},"excerpt":{"rendered":"<p>No Brasil, a cada 10 minutos o corpo de uma mulher ou de uma menina \u00e9 violado e a cada sete horas ocorre um feminic\u00eddio, segundo dados divulgados neste ano pelo F\u00f3rum Brasileiro de Seguran\u00e7a P\u00fablica (FBSP). \u201cA viol\u00eancia de g\u00eanero, que atinge tanto a consci\u00eancia quanto o corpo da mulher, \u00e9 persistente na sociedade [&hellip;]<\/p>\n","protected":false},"author":2,"featured_media":13389,"comment_status":"","ping_status":"","sticky":false,"template":"","format":"standard","meta":{"footnotes":""},"categories":[3],"tags":[],"class_list":["post-13390","post","type-post","status-publish","format-standard","has-post-thumbnail","hentry","category-noticias"],"_links":{"self":[{"href":"https:\/\/hostnetart.com.br\/baixada\/wp-json\/wp\/v2\/posts\/13390","targetHints":{"allow":["GET"]}}],"collection":[{"href":"https:\/\/hostnetart.com.br\/baixada\/wp-json\/wp\/v2\/posts"}],"about":[{"href":"https:\/\/hostnetart.com.br\/baixada\/wp-json\/wp\/v2\/types\/post"}],"author":[{"embeddable":true,"href":"https:\/\/hostnetart.com.br\/baixada\/wp-json\/wp\/v2\/users\/2"}],"replies":[{"embeddable":true,"href":"https:\/\/hostnetart.com.br\/baixada\/wp-json\/wp\/v2\/comments?post=13390"}],"version-history":[{"count":0,"href":"https:\/\/hostnetart.com.br\/baixada\/wp-json\/wp\/v2\/posts\/13390\/revisions"}],"wp:featuredmedia":[{"embeddable":true,"href":"https:\/\/hostnetart.com.br\/baixada\/wp-json\/wp\/v2\/media\/13389"}],"wp:attachment":[{"href":"https:\/\/hostnetart.com.br\/baixada\/wp-json\/wp\/v2\/media?parent=13390"}],"wp:term":[{"taxonomy":"category","embeddable":true,"href":"https:\/\/hostnetart.com.br\/baixada\/wp-json\/wp\/v2\/categories?post=13390"},{"taxonomy":"post_tag","embeddable":true,"href":"https:\/\/hostnetart.com.br\/baixada\/wp-json\/wp\/v2\/tags?post=13390"}],"curies":[{"name":"wp","href":"https:\/\/api.w.org\/{rel}","templated":true}]}}