{"id":13382,"date":"2022-11-18T17:10:45","date_gmt":"2022-11-18T20:10:45","guid":{"rendered":"https:\/\/hostnetart.com.br\/baixada\/pais-tem-2-6-milhoes-buscando-trabalho-ha-mais-de-dois-anos-desemprego-e-maior-para-mulheres-e-negros\/"},"modified":"2022-11-18T17:10:45","modified_gmt":"2022-11-18T20:10:45","slug":"pais-tem-2-6-milhoes-buscando-trabalho-ha-mais-de-dois-anos-desemprego-e-maior-para-mulheres-e-negros","status":"publish","type":"post","link":"https:\/\/hostnetart.com.br\/baixada\/pais-tem-2-6-milhoes-buscando-trabalho-ha-mais-de-dois-anos-desemprego-e-maior-para-mulheres-e-negros\/","title":{"rendered":"Pa\u00eds tem 2,6 milh\u00f5es buscando trabalho h\u00e1 mais de dois anos. Desemprego \u00e9 maior para mulheres e negros"},"content":{"rendered":"<p>A taxa de desemprego cedeu nos \u00faltimos meses, em parte pela base de compara\u00e7\u00e3o com o per\u00edodo da pandemia, mas procurar trabalho segue sendo em desafio. No terceiro trimestre, 44,5% dos desempregados (4,2 milh\u00f5es) buscavam nova ocupa\u00e7\u00e3o de um m\u00eas a menos de um ano, 27,2% (2,6 milh\u00f5es) h\u00e1 dois anos ou mais e 16,6% (1,6 milh\u00e3o) h\u00e1 pelo menos um m\u00eas. Os dados s\u00e3o da Pesquisa Nacional por Amostra de Domic\u00edlios (Pnad) Cont\u00ednua, do\u00a0<a href=\"https:\/\/ibge.gov.br\/\" target=\"_blank\" rel=\"noopener noreferrer\">IBGE<\/a>.<\/p>\n<p>O grupo de desempregados h\u00e1 mais de dois anos diminuiu de 2021 para 2022. Mas na compara\u00e7\u00e3o com 2012, cresce 76,6%. Hoje, o IBGE estima em 9,5 milh\u00f5es o total de desempregados no Brasil.<\/p>\n<h3>Informalidade atinge quase 40%<\/h3>\n<p>Segundo os resultados da pesquisa, a taxa de informalidade no pa\u00eds segue pr\u00f3xima dos 40% \u2013 corresponde a 39,4% dos ocupados. Mas varia de 25,9% (Santa Catarina) a 60,5% (Par\u00e1). Em S\u00e3o Paulo, \u00e9 de 30,6%. Entram nessa conta empregados no setor privado e trabalhados dom\u00e9sticos sem carteira, empregadores e trabalhadores por conta pr\u00f3pria sem registro no CNPJ. No total, 39,1 milh\u00f5es.<\/p>\n<p>A divulga\u00e7\u00e3o mais recente da Pnad Cont\u00ednua mostrou taxa de desemprego menor, equivalente a 8,7% da for\u00e7a de trabalho.\u00a0<a href=\"https:\/\/www.redebrasilatual.com.br\/economia\/desemprego-cede-contratacao-sem-carteira-recorde\/?swcfpc=1\" target=\"_blank\" rel=\"noopener noreferrer\">Mas a contrata\u00e7\u00e3o sem registro em carteira \u00e9 recorde na s\u00e9rie hist\u00f3rica.<\/a><\/p>\n<h3>Varia\u00e7\u00f5es regionais<\/h3>\n<p>A taxa de desemprego no terceiro trimestre \u00e9 bem maior para mulheres (11%) do que para homens (6,9%). E tamb\u00e9m para pretos (11,1%) e pardos (10%), enquanto a dos brancos fica abaixo da m\u00e9dia nacional (6,8%). Cresce para pessoas com ensino m\u00e9dio incompleto (15,3%) e cai para quem tem superior completo (4,1%).<\/p>\n<p>No recorte por regi\u00f5es, o desemprego \u00e9 maior no Nordeste (12%) e menor no Sul (5,2%). Vai a 6,5% no Centro-Oeste, 8,2% no Norte e 8,7% no Sudeste. Entre as unidades da federa\u00e7\u00e3o, as maiores taxas de desemprego foram registradas na Bahia (15,1%), em Pernambuco (13,9%) e no Rio de Janeiro (12,3%). As menores, em Rond\u00f4nia (3,9%), Mato Grosso e Santa Catarina (ambas com 3,8%). Em S\u00e3o Paulo, 8,6%, est\u00e1vel em rela\u00e7\u00e3o ao segundo semestre, como a maioria das UFs.<\/p>\n<p><strong>Fonte: Rede Brasil Atual<\/strong><\/p>\n","protected":false},"excerpt":{"rendered":"<p>A taxa de desemprego cedeu nos \u00faltimos meses, em parte pela base de compara\u00e7\u00e3o com o per\u00edodo da pandemia, mas procurar trabalho segue sendo em desafio. No terceiro trimestre, 44,5% dos desempregados (4,2 milh\u00f5es) buscavam nova ocupa\u00e7\u00e3o de um m\u00eas a menos de um ano, 27,2% (2,6 milh\u00f5es) h\u00e1 dois anos ou mais e 16,6% [&hellip;]<\/p>\n","protected":false},"author":2,"featured_media":13381,"comment_status":"","ping_status":"","sticky":false,"template":"","format":"standard","meta":{"footnotes":""},"categories":[3],"tags":[],"class_list":["post-13382","post","type-post","status-publish","format-standard","has-post-thumbnail","hentry","category-noticias"],"_links":{"self":[{"href":"https:\/\/hostnetart.com.br\/baixada\/wp-json\/wp\/v2\/posts\/13382","targetHints":{"allow":["GET"]}}],"collection":[{"href":"https:\/\/hostnetart.com.br\/baixada\/wp-json\/wp\/v2\/posts"}],"about":[{"href":"https:\/\/hostnetart.com.br\/baixada\/wp-json\/wp\/v2\/types\/post"}],"author":[{"embeddable":true,"href":"https:\/\/hostnetart.com.br\/baixada\/wp-json\/wp\/v2\/users\/2"}],"replies":[{"embeddable":true,"href":"https:\/\/hostnetart.com.br\/baixada\/wp-json\/wp\/v2\/comments?post=13382"}],"version-history":[{"count":0,"href":"https:\/\/hostnetart.com.br\/baixada\/wp-json\/wp\/v2\/posts\/13382\/revisions"}],"wp:featuredmedia":[{"embeddable":true,"href":"https:\/\/hostnetart.com.br\/baixada\/wp-json\/wp\/v2\/media\/13381"}],"wp:attachment":[{"href":"https:\/\/hostnetart.com.br\/baixada\/wp-json\/wp\/v2\/media?parent=13382"}],"wp:term":[{"taxonomy":"category","embeddable":true,"href":"https:\/\/hostnetart.com.br\/baixada\/wp-json\/wp\/v2\/categories?post=13382"},{"taxonomy":"post_tag","embeddable":true,"href":"https:\/\/hostnetart.com.br\/baixada\/wp-json\/wp\/v2\/tags?post=13382"}],"curies":[{"name":"wp","href":"https:\/\/api.w.org\/{rel}","templated":true}]}}