{"id":1338,"date":"2014-06-02T00:00:00","date_gmt":"2014-06-02T03:00:00","guid":{"rendered":"https:\/\/hostnetart.com.br\/baixada\/30-conecef-celebra-unidade-e-mobilizacao-com-conquistas-e-desafios\/"},"modified":"2014-06-02T00:00:00","modified_gmt":"2014-06-02T03:00:00","slug":"30-conecef-celebra-unidade-e-mobilizacao-com-conquistas-e-desafios","status":"publish","type":"post","link":"https:\/\/hostnetart.com.br\/baixada\/30-conecef-celebra-unidade-e-mobilizacao-com-conquistas-e-desafios\/","title":{"rendered":"30\u00ba Conecef celebra unidade e mobiliza\u00e7\u00e3o com conquistas e desafios"},"content":{"rendered":"<p>O 30\u00ba Congresso Nacional dos Empregados da Caixa Econ\u00f4mica Federal (Conecef) ser\u00e1 realizado de 6 a 8 de junho, no Hotel Holiday Inn, no Parque Anhembi, em S\u00e3o Paulo. O mote do evento \u00e9 \u201c30 anos de unidade e mobiliza\u00e7\u00e3o, muitas conquistas e novos desafios\u201d.<\/p>\n<p>O prazo para a inscri\u00e7\u00e3o eletr\u00f4nica dos delegados termina nesta segunda-feira, dia 2 de junho, \u00e0s 18h. A Contraf-CUT esclarece que o procedimento deve ser feito pelas federa\u00e7\u00f5es, conforme orienta\u00e7\u00f5es enviadas anteriormente para as entidades. Deve ficar garantida a cota de g\u00eanero de 30%.<\/p>\n<p>Os integrantes da Comiss\u00e3o Executiva dos Empregados (CEE\/Caixa) participam do 30\u00ba Conecef na condi\u00e7\u00e3o de delegados natos, e suas inscri\u00e7\u00f5es eletr\u00f4nicas ser\u00e3o feitas pela sua respectiva federa\u00e7\u00e3o.<\/p>\n<p><strong>Mais informa\u00e7\u00f5es<\/strong><\/p>\n<p>Tal como ocorreu em anos anteriores, o Conecef ser\u00e1 desvinculada do processo da Campanha Nacional, de modo a facilitar os debates acerca das especificidades dos empregados da Caixa, durante as negocia\u00e7\u00f5es da mesa permanente.<\/p>\n<p>Os pontos do tem\u00e1rio do 30\u00ba Conecef s\u00e3o: conjuntura, papel social da Caixa, organiza\u00e7\u00e3o do movimento, sa\u00fade do trabalhador, condi\u00e7\u00f5es de trabalho, condi\u00e7\u00f5es de funcionamento das ag\u00eancias, Sa\u00fade Caixa, Funcef, aposentados, seguran\u00e7a banc\u00e1ria, jornada de trabalho, Sistema de Ponto Eletr\u00f4nico (Sipon), isonomia entre novos e antigos empregados, carreira, terceiriza\u00e7\u00e3o e contrata\u00e7\u00e3o de mais empregados.<\/p>\n<p>O 30\u00ba Conecef reunir\u00e1 um total de 465 delegados, entre empregados da ativa e aposentados, al\u00e9m dos observadores.<\/p>\n<p><strong>Teses inscritas\u00a0<\/strong><\/p>\n<p>Cinco teses foram inscritas para o 30\u00ba Conecef. S\u00e3o elas:<br \/>&#8211; ARTBAN (Articula\u00e7\u00e3o Banc\u00e1ria da Caixa),<br \/>&#8211; CSD (CUT Socialista e Democr\u00e1tica),<br \/>&#8211; CTB (Central dos Trabalhadores e Trabalhadoras do Brasil),<br \/>&#8211; Intersindical Banc\u00e1ria\/Sindicato dos Banc\u00e1rios do Esp\u00edrito Santo\/Coletivo Avesso de S\u00e3o Paulo \u2013 Autonomia e Luta<br \/>&#8211; MNOB\/Conlutas (Movimento Nacional de Oposi\u00e7\u00e3o Banc\u00e1ria).<\/p>\n<p><strong>Encontros estaduais ou regionais<\/strong><\/p>\n<p>O prazo para a realiza\u00e7\u00e3o dos f\u00f3runs preparat\u00f3rios termina neste domingo, dia 1\u00ba de junho. Alguns encontros estaduais ou regionais j\u00e1 foram realizados e outros dever\u00e3o ser realizados neste fim de semana.<\/p>\n<p>Encerra-se nesta segunda-feira o prazo para inscri\u00e7\u00e3o das delega\u00e7\u00f5es e para o envio dos relat\u00f3rios dos f\u00f3runs estaduais, devendo essas informa\u00e7\u00f5es serem remetidas para o e-mail da Contraf-CUT: contrafcut@contrafcut.org.br<\/p>\n<p><strong>PROGRAMA\u00c7\u00c3O<\/strong><\/p>\n<p><strong>SEXTA-FEIRA \u2013 DIA 6<\/strong><\/p>\n<p>14h \u2013 Abertura dos Trabalhos pela CEE\/Caixa.<br \/>14h30 \u2013 Homenagem pelos 30 anos do Conecef.<br \/>15h \u2013 Vota\u00e7\u00e3o do Regimento Interno.<br \/>15h30 \u2013 Exposi\u00e7\u00e3o e debate sobre conjuntura.<br \/>17h \u2013 Apresenta\u00e7\u00e3o e defesa das teses.<br \/>19h \u2013 Jantar.<\/p>\n<p><strong>S\u00c1BADO \u2013 DIA 7<\/strong><\/p>\n<p>9h \u2013 Instala\u00e7\u00e3o e in\u00edcio dos trabalhos dos grupos.<\/p>\n<p>Grupo 1: Sa\u00fade do trabalhador e condi\u00e7\u00f5es de trabalho \/ Sa\u00fade Caixa. Grupo 2: Funcef \/ aposentados.<br \/>Grupo 3: Seguran\u00e7a banc\u00e1ria \/ condi\u00e7\u00f5es de funcionamento das ag\u00eancias \/ terceiriza\u00e7\u00e3o \/ carreira.<br \/>Grupo 4: Papel social da Caixa \/ contrata\u00e7\u00e3o \/ isonomia \/ Sipon \/ jornada.<\/p>\n<p>O item da \u201cOrganiza\u00e7\u00e3o do Movimento\u201d ser\u00e1 debatido em todos os grupos.<\/p>\n<p>12h30 \u2013 Almo\u00e7o.<br \/>14h \u2013 Retomada dos trabalhos.<br \/>16h30 \u2013 Plen\u00e1ria geral: apresenta\u00e7\u00e3o dos relat\u00f3rios dos grupos.<br \/>19h \u2013 Jantar.<\/p>\n<p><strong>DOMINGO \u2013 DIA 8<\/strong><\/p>\n<p>9h \u2013 Plen\u00e1ria geral: debate sobre organiza\u00e7\u00e3o do movimento e outros assuntos.<br \/>11h \u2013 Plen\u00e1ria geral: conclus\u00e3o dos debates sobre organiza\u00e7\u00e3o do movimento e outros.<br \/>12h30 \u2013 Plen\u00e1ria geral: vota\u00e7\u00e3o das mo\u00e7\u00f5es.<br \/>13h \u2013 Encerramento \u2013 almo\u00e7o.<\/p>\n<p>Fonte: Contraf-CUT com Fenae<\/p>\n<p>\u00a0<\/p>\n","protected":false},"excerpt":{"rendered":"<p>O 30\u00ba Congresso Nacional dos Empregados da Caixa Econ\u00f4mica Federal (Conecef) ser\u00e1 realizado de 6 a 8 de junho, no Hotel Holiday Inn, no Parque Anhembi, em S\u00e3o Paulo. O mote do evento \u00e9 \u201c30 anos de unidade e mobiliza\u00e7\u00e3o, muitas conquistas e novos desafios\u201d. O prazo para a inscri\u00e7\u00e3o eletr\u00f4nica dos delegados termina nesta [&hellip;]<\/p>\n","protected":false},"author":1,"featured_media":1337,"comment_status":"","ping_status":"","sticky":false,"template":"","format":"standard","meta":{"footnotes":""},"categories":[3],"tags":[],"class_list":["post-1338","post","type-post","status-publish","format-standard","has-post-thumbnail","hentry","category-noticias"],"_links":{"self":[{"href":"https:\/\/hostnetart.com.br\/baixada\/wp-json\/wp\/v2\/posts\/1338","targetHints":{"allow":["GET"]}}],"collection":[{"href":"https:\/\/hostnetart.com.br\/baixada\/wp-json\/wp\/v2\/posts"}],"about":[{"href":"https:\/\/hostnetart.com.br\/baixada\/wp-json\/wp\/v2\/types\/post"}],"author":[{"embeddable":true,"href":"https:\/\/hostnetart.com.br\/baixada\/wp-json\/wp\/v2\/users\/1"}],"replies":[{"embeddable":true,"href":"https:\/\/hostnetart.com.br\/baixada\/wp-json\/wp\/v2\/comments?post=1338"}],"version-history":[{"count":0,"href":"https:\/\/hostnetart.com.br\/baixada\/wp-json\/wp\/v2\/posts\/1338\/revisions"}],"wp:featuredmedia":[{"embeddable":true,"href":"https:\/\/hostnetart.com.br\/baixada\/wp-json\/wp\/v2\/media\/1337"}],"wp:attachment":[{"href":"https:\/\/hostnetart.com.br\/baixada\/wp-json\/wp\/v2\/media?parent=1338"}],"wp:term":[{"taxonomy":"category","embeddable":true,"href":"https:\/\/hostnetart.com.br\/baixada\/wp-json\/wp\/v2\/categories?post=1338"},{"taxonomy":"post_tag","embeddable":true,"href":"https:\/\/hostnetart.com.br\/baixada\/wp-json\/wp\/v2\/tags?post=1338"}],"curies":[{"name":"wp","href":"https:\/\/api.w.org\/{rel}","templated":true}]}}