{"id":13378,"date":"2022-11-17T03:13:02","date_gmt":"2022-11-17T06:13:02","guid":{"rendered":"https:\/\/hostnetart.com.br\/baixada\/coe-do-bradesco-retoma-negociacoes-de-minuta-especifica\/"},"modified":"2022-11-17T03:13:02","modified_gmt":"2022-11-17T06:13:02","slug":"coe-do-bradesco-retoma-negociacoes-de-minuta-especifica","status":"publish","type":"post","link":"https:\/\/hostnetart.com.br\/baixada\/coe-do-bradesco-retoma-negociacoes-de-minuta-especifica\/","title":{"rendered":"COE do Bradesco retoma negocia\u00e7\u00f5es de minuta espec\u00edfica"},"content":{"rendered":"<p>A Comiss\u00e3o de Organiza\u00e7\u00e3o dos Empregados (COE) do Bradesco se reuniu com o banco nesta segunda-feira (14), em encontro que marcou a retomada regular das negocia\u00e7\u00f5es a respeito da minuta espec\u00edfica dos trabalhadores com a institui\u00e7\u00e3o. \u201cA volta das conversas em nossa mesa direta \u00e9 importante, era nossa prioridade, pois desde o come\u00e7o da pandemia, h\u00e1 mais de dois anos, nossa preocupa\u00e7\u00e3o tinha se voltado \u00e0 manuten\u00e7\u00e3o da vida dos funcion\u00e1rios e clientes\u201d, afirmou a coordenadora da COE e secret\u00e1ria de Organiza\u00e7\u00e3o do Ramo Financeiro e Pol\u00edtica Sindical da Confedera\u00e7\u00e3o Nacional dos Trabalhadores do Ramo Financeiro (Contraf-CUT), Magaly Fagundes.<\/p>\n<p>Na reuni\u00e3o, os membros da COE entregaram a minuta e definiram um calend\u00e1rio para o debate de todos os itens da pauta. Tamb\u00e9m foram abordados v\u00e1rios temas espec\u00edficos, como teletrabalho, fechamento de ag\u00eancias, demiss\u00f5es, melhorias no Sa\u00fade Bradesco, aux\u00edlio academia e financiamento de sistema de energia solar para funcion\u00e1rios.<\/p>\n<h3><strong>Teletrabalho<\/strong><\/h3>\n<p>O Bradesco, que foi o primeiro a assinar um termo sobre o teletrabalho com seus funcion\u00e1rios, informou que, desde o fim da emerg\u00eancia de sa\u00fade p\u00fablica por causa da pandemia do coronav\u00edrus, est\u00e1 seguindo o acordo sobre o teletrabalho fechado na Conven\u00e7\u00e3o Coletiva de Trabalho (CCT) da categoria 2022\/2024. Assim, n\u00e3o h\u00e1 necessidade de renova\u00e7\u00e3o do acordo que venceu em setembro de 2022.<\/p>\n<p>Para a defini\u00e7\u00e3o de quem poderia atuar em trabalho remoto, a institui\u00e7\u00e3o disse que considerou atividades que n\u00e3o impactariam o atendimento, e por esse motivo a rede de ag\u00eancias n\u00e3o foi considerada eleg\u00edvel para a modalidade. Segundo o banco, cerca de 50% do efetivo dos departamentos est\u00e3o em teletrabalho e todos recebem a ajuda de custo. O n\u00famero de funcion\u00e1rios nesse regime, por\u00e9m, ainda n\u00e3o foi informado.<\/p>\n<p>A COE reiterou seu pedido de realizar uma apresenta\u00e7\u00e3o com os dados de pesquisa realizada pelo Departamento Intersindical de Estat\u00edstica e Estudos Socioecon\u00f4micos (Dieese) sobre o tema, com recorte espec\u00edfico do Bradesco. A proposta foi aceita e ser\u00e1 realizada em data a ser agendada. Esse encontro servir\u00e1 como base para aperfei\u00e7oamento dos termos do acordo sobre o assunto.<\/p>\n<h3><strong>Ag\u00eancias e unidades de neg\u00f3cio<\/strong><\/h3>\n<p>O fechamento de diversas ag\u00eancias e demiss\u00f5es ocorridas recentemente tamb\u00e9m tiveram destaque na reuni\u00e3o. A COE alertou que o quadro de funcion\u00e1rios nas ag\u00eancias j\u00e1 \u00e9 extremamente enxuto e que a pol\u00edtica est\u00e1 comprometendo o atendimento aos clientes, mas o banco argumentou que o fechamento dos postos se deveu ao modelo digital e \u00e0 sobreposi\u00e7\u00e3o de ag\u00eancias, caso em que algumas foram fechadas.<\/p>\n<p>\u201cNossa maior preocupa\u00e7\u00e3o \u00e9 sempre com a manuten\u00e7\u00e3o do emprego, pois ainda que o banco garanta que os funcion\u00e1rios de ag\u00eancias encerradas est\u00e3o sendo reaproveitados, vemos que muitas ag\u00eancias est\u00e3o sendo transformadas em unidades de neg\u00f3cios e logo em seguida, fechadas\u201d, disse Magaly. \u201cNa ponta desse processo, o que temos \u00e9 demiss\u00e3o. E isso n\u00e3o pode ser admitido! Precisamos de um programa para requalifica\u00e7\u00e3o e realoca\u00e7\u00e3o desses funcion\u00e1rios, como forma de garantia do seu emprego\u201d, completou.<\/p>\n<p>Os membros da COE solicitaram o estabelecimento de uma agenda para o debate das quest\u00f5es relacionadas \u00e0s unidades de neg\u00f3cios, quando a seguran\u00e7a de trabalhadores e clientes ser\u00e1 tratada em detalhes. Esse processo dever\u00e1 ocorrer antes das atividades da mesa bipartite entre o Comando Nacional dos Banc\u00e1rios e a Federa\u00e7\u00e3o Nacional dos Bancos, para tratar do tema em \u00e2mbito nacional, que ocorrer\u00e1 em 2023.<\/p>\n<h3><strong>Plano de Sa\u00fade<\/strong><\/h3>\n<p>No encontro tamb\u00e9m foi relatada a dificuldade no atendimento do Sa\u00fade Bradesco. Os representantes dos funcion\u00e1rios pediram melhorias no atendimento m\u00e9dico, de cl\u00ednicas e hospitais credenciados, bem como do servi\u00e7o odontol\u00f3gico, em especial no interior dos estados, onde os problemas s\u00e3o enfrentados com muita frequ\u00eancia.<\/p>\n<p>Como os problemas ocorrem de diferentes maneiras, dependendo da localidade, as federa\u00e7\u00f5es far\u00e3o o levantamento em cada regi\u00e3o, um trabalho que j\u00e1 havia sido iniciado em 2019, mas que foi interrompido pela pandemia. Na sequ\u00eancia, um relat\u00f3rio ser\u00e1 encaminhado ao banco, que ter\u00e1 90 dias para apresentar solu\u00e7\u00e3o. Ao longo desses tr\u00eas meses, por\u00e9m, qualquer necessidade de urg\u00eancia, como a falta de algum atendimento espec\u00edfico, poder\u00e1 ser tratada pontualmente para sua solu\u00e7\u00e3o.<\/p>\n<h3><strong>Outros pontos<\/strong><\/h3>\n<p>A COE solicitou a concess\u00e3o de aux\u00edlio academia a funcion\u00e1rios e dependentes. Para os representantes dos funcion\u00e1rios, a demanda deve ser entendida como investimento em sa\u00fade, considerando que a atividade banc\u00e1ria est\u00e1 entre as mais estressantes do mercado de trabalho. \u201cEsperamos que o banco analise nossa reivindica\u00e7\u00e3o e que possamos avan\u00e7ar neste tema\u201d, disse o secret\u00e1rio de Assuntos Jur\u00eddicos da Contraf-CUT, Lourival Rodrigues da Silva, que tamb\u00e9m participou da reuni\u00e3o como representante da Federa\u00e7\u00e3o dos Banc\u00e1rios de S\u00e3o Paulo e Mato Grosso do Sul (Feeb-SP\/MS).<\/p>\n<p>O banco tamb\u00e9m apresentou resposta ao pedido de melhores condi\u00e7\u00f5es de financiamento a funcion\u00e1rios interessados na aquisi\u00e7\u00e3o de equipamentos de energia solar fotovoltaica: as taxas foram reduzidas a 1,73% de juros ao m\u00eas e o prazo passou a at\u00e9 60 meses para a quita\u00e7\u00e3o do empr\u00e9stimo para esse fim. A institui\u00e7\u00e3o tamb\u00e9m confirmou que as horas dos jogos da sele\u00e7\u00e3o brasileira na Copa ser\u00e3o abonadas.<\/p>\n<p>Na avalia\u00e7\u00e3o de Magaly, \u201co mais importante foi a retomada das negocia\u00e7\u00f5es regulares, garantindo que nossa minuta completa volte a ser debatida, mas pontos espec\u00edficos importantes tamb\u00e9m foram discutidos e ter\u00e3o andamento j\u00e1 na pr\u00f3xima reuni\u00e3o, a ser agendada ainda este ano\u201d.<\/p>\n<p><strong>Fonte: Contraf-CUT<\/strong><\/p>\n","protected":false},"excerpt":{"rendered":"<p>A Comiss\u00e3o de Organiza\u00e7\u00e3o dos Empregados (COE) do Bradesco se reuniu com o banco nesta segunda-feira (14), em encontro que marcou a retomada regular das negocia\u00e7\u00f5es a respeito da minuta espec\u00edfica dos trabalhadores com a institui\u00e7\u00e3o. \u201cA volta das conversas em nossa mesa direta \u00e9 importante, era nossa prioridade, pois desde o come\u00e7o da pandemia, [&hellip;]<\/p>\n","protected":false},"author":2,"featured_media":13377,"comment_status":"","ping_status":"","sticky":false,"template":"","format":"standard","meta":{"footnotes":""},"categories":[3],"tags":[],"class_list":["post-13378","post","type-post","status-publish","format-standard","has-post-thumbnail","hentry","category-noticias"],"_links":{"self":[{"href":"https:\/\/hostnetart.com.br\/baixada\/wp-json\/wp\/v2\/posts\/13378","targetHints":{"allow":["GET"]}}],"collection":[{"href":"https:\/\/hostnetart.com.br\/baixada\/wp-json\/wp\/v2\/posts"}],"about":[{"href":"https:\/\/hostnetart.com.br\/baixada\/wp-json\/wp\/v2\/types\/post"}],"author":[{"embeddable":true,"href":"https:\/\/hostnetart.com.br\/baixada\/wp-json\/wp\/v2\/users\/2"}],"replies":[{"embeddable":true,"href":"https:\/\/hostnetart.com.br\/baixada\/wp-json\/wp\/v2\/comments?post=13378"}],"version-history":[{"count":0,"href":"https:\/\/hostnetart.com.br\/baixada\/wp-json\/wp\/v2\/posts\/13378\/revisions"}],"wp:featuredmedia":[{"embeddable":true,"href":"https:\/\/hostnetart.com.br\/baixada\/wp-json\/wp\/v2\/media\/13377"}],"wp:attachment":[{"href":"https:\/\/hostnetart.com.br\/baixada\/wp-json\/wp\/v2\/media?parent=13378"}],"wp:term":[{"taxonomy":"category","embeddable":true,"href":"https:\/\/hostnetart.com.br\/baixada\/wp-json\/wp\/v2\/categories?post=13378"},{"taxonomy":"post_tag","embeddable":true,"href":"https:\/\/hostnetart.com.br\/baixada\/wp-json\/wp\/v2\/tags?post=13378"}],"curies":[{"name":"wp","href":"https:\/\/api.w.org\/{rel}","templated":true}]}}