{"id":13368,"date":"2022-11-14T15:54:46","date_gmt":"2022-11-14T18:54:46","guid":{"rendered":"https:\/\/hostnetart.com.br\/baixada\/covid-media-movel-de-casos-volta-a-crescer-mascaras-e-vacina-no-radar\/"},"modified":"2022-11-14T15:54:46","modified_gmt":"2022-11-14T18:54:46","slug":"covid-media-movel-de-casos-volta-a-crescer-mascaras-e-vacina-no-radar","status":"publish","type":"post","link":"https:\/\/hostnetart.com.br\/baixada\/covid-media-movel-de-casos-volta-a-crescer-mascaras-e-vacina-no-radar\/","title":{"rendered":"Covid: m\u00e9dia m\u00f3vel de casos volta a crescer. M\u00e1scaras e vacina no radar"},"content":{"rendered":"<p>O pa\u00eds registrou 3.739 novos casos de covid-19 nas \u00faltimas 24 horas, segundo atualiza\u00e7\u00e3o deste \u00faltimo s\u00e1bado (12) do Conselho Nacional de Secret\u00e1rios de Sa\u00fade (<a href=\"https:\/\/www.conass.org.br\/painelconasscovid19\/\" target=\"_blank\" rel=\"noopener noreferrer\">Conass<\/a>). Agora, o total desde o in\u00edcio da pandemia chega perto de 35 milh\u00f5es (34.911.937). Os dados mostram que a m\u00e9dia m\u00f3vel semanal voltou a subir. Chegou a 8.795 hoje, ante 5.387 no primeiro dia do m\u00eas e 5.377 em 12 de outubro.<\/p>\n<p>A Sociedade Brasileira de Infectologia (SBI) divulgou nota t\u00e9cnica em que recomenda a volta do uso de m\u00e1scaras devido \u00e0 circula\u00e7\u00e3o de uma nova subvariante da \u00f4micron da covid-19, a chamada BQ.\u00a0J\u00e1 foi encontrada em cinco estados: S\u00e3o Paulo, Amazonas, Rio Grande do Sul, Rio de Janeiro e Esp\u00edrito Santo. Hospitais j\u00e1 registram aumento do n\u00famero de interna\u00e7\u00f5es.<\/p>\n<p>A atualiza\u00e7\u00e3o da Conass n\u00e3o registrou \u00f3bitos nas 24 \u00faltimas horas. Pelo contr\u00e1rio, o dado de hoje mostra, inclusive, dois a menos, em poss\u00edvel informa\u00e7\u00e3o revisada. O total agora \u00e9 de 688.654 mortes. A m\u00e9dia m\u00f3vel \u00e9 de 45 \u00f3bitos. Foi de 73 no dia 1\u00ba e de 65 h\u00e1 um m\u00eas.<\/p>\n<p>Especialistas j\u00e1 apontam a necessidade de nova vacina\u00e7\u00e3o, para combater a subvariante. Quase 182,2 milh\u00f5es de brasileiros receberam a primeira dose \u2013 84,8% da popula\u00e7\u00e3o. Foram 171,7 milh\u00f5es com a segunda ou dose \u00fanica (79,9%). E 105,4 milh\u00f5es com o refor\u00e7o (49,1%).<\/p>\n<p><strong>Fonte: Rede Brasil Atual<\/strong><\/p>\n<div class=\"widget-area-inside-single-content\">\n<div class=\"textwidget\"><ins class=\"adsbygoogle\" data-ad-client=\"ca-pub-2156703359938643\" data-ad-slot=\"4119717339\" data-ad-format=\"auto\" data-full-width-responsive=\"true\" data-adsbygoogle-status=\"done\" data-ad-status=\"filled\"><\/p>\n<div id=\"aswift_2_host\" tabindex=\"0\" title=\"Advertisement\">\u00a0<\/div>\n<div tabindex=\"0\" title=\"Advertisement\">\u00a0<\/div>\n<p><\/ins><\/div>\n<\/div>\n<p>\u00a0<\/p>\n","protected":false},"excerpt":{"rendered":"<p>O pa\u00eds registrou 3.739 novos casos de covid-19 nas \u00faltimas 24 horas, segundo atualiza\u00e7\u00e3o deste \u00faltimo s\u00e1bado (12) do Conselho Nacional de Secret\u00e1rios de Sa\u00fade (Conass). Agora, o total desde o in\u00edcio da pandemia chega perto de 35 milh\u00f5es (34.911.937). Os dados mostram que a m\u00e9dia m\u00f3vel semanal voltou a subir. Chegou a 8.795 hoje, [&hellip;]<\/p>\n","protected":false},"author":2,"featured_media":13367,"comment_status":"","ping_status":"","sticky":false,"template":"","format":"standard","meta":{"footnotes":""},"categories":[3],"tags":[],"class_list":["post-13368","post","type-post","status-publish","format-standard","has-post-thumbnail","hentry","category-noticias"],"_links":{"self":[{"href":"https:\/\/hostnetart.com.br\/baixada\/wp-json\/wp\/v2\/posts\/13368","targetHints":{"allow":["GET"]}}],"collection":[{"href":"https:\/\/hostnetart.com.br\/baixada\/wp-json\/wp\/v2\/posts"}],"about":[{"href":"https:\/\/hostnetart.com.br\/baixada\/wp-json\/wp\/v2\/types\/post"}],"author":[{"embeddable":true,"href":"https:\/\/hostnetart.com.br\/baixada\/wp-json\/wp\/v2\/users\/2"}],"replies":[{"embeddable":true,"href":"https:\/\/hostnetart.com.br\/baixada\/wp-json\/wp\/v2\/comments?post=13368"}],"version-history":[{"count":0,"href":"https:\/\/hostnetart.com.br\/baixada\/wp-json\/wp\/v2\/posts\/13368\/revisions"}],"wp:featuredmedia":[{"embeddable":true,"href":"https:\/\/hostnetart.com.br\/baixada\/wp-json\/wp\/v2\/media\/13367"}],"wp:attachment":[{"href":"https:\/\/hostnetart.com.br\/baixada\/wp-json\/wp\/v2\/media?parent=13368"}],"wp:term":[{"taxonomy":"category","embeddable":true,"href":"https:\/\/hostnetart.com.br\/baixada\/wp-json\/wp\/v2\/categories?post=13368"},{"taxonomy":"post_tag","embeddable":true,"href":"https:\/\/hostnetart.com.br\/baixada\/wp-json\/wp\/v2\/tags?post=13368"}],"curies":[{"name":"wp","href":"https:\/\/api.w.org\/{rel}","templated":true}]}}