{"id":13364,"date":"2022-11-14T15:50:27","date_gmt":"2022-11-14T18:50:27","guid":{"rendered":"https:\/\/hostnetart.com.br\/baixada\/caixa-inicia-negociacoes-da-promocao-por-merito\/"},"modified":"2022-11-14T15:50:27","modified_gmt":"2022-11-14T18:50:27","slug":"caixa-inicia-negociacoes-da-promocao-por-merito","status":"publish","type":"post","link":"https:\/\/hostnetart.com.br\/baixada\/caixa-inicia-negociacoes-da-promocao-por-merito\/","title":{"rendered":"Caixa inicia negocia\u00e7\u00f5es da promo\u00e7\u00e3o por m\u00e9rito"},"content":{"rendered":"<p>O Grupo de Trabalho de Promo\u00e7\u00e3o por M\u00e9rito da Caixa Econ\u00f4mica Federal realizou, nesta quinta-feira (10), a primeira reuni\u00e3o sobre o Plano de Cargos e Sal\u00e1rios (PCS) das empregadas e empregados e a consequente defini\u00e7\u00e3o dos crit\u00e9rios de avalia\u00e7\u00e3o para efeito de pagamento dos \u201cdeltas\u201d do ano de 2022-2023. Os crit\u00e9rios s\u00e3o debatidos todos os anos pelo GT formado por representantes do banco e dos trabalhadores. Pr\u00f3xima reuni\u00e3o ocorrer\u00e1 na semana que vem.<\/p>\n<p>\u201cOs debates para a defini\u00e7\u00e3o dos crit\u00e9rios deveriam ter se iniciado no primeiro, ou logo no in\u00edcio deste segundo semestre, mas, em decorr\u00eancia das negocia\u00e7\u00f5es da Campanha Nacional dos Banc\u00e1rios, n\u00e3o foi poss\u00edvel encontrar agenda para as reuni\u00f5es. Vamos tentar agilizar ao m\u00e1ximo este processo, para que isso n\u00e3o impe\u00e7a que a gente alcance uma regra que permita a justa promo\u00e7\u00e3o e consequente pagamento dos deltas \u00e0s empregadas e empregados\u201d, explicou o coordenador do GT, pela parte dos trabalhadores, Jo\u00e3o Paulo Pierozan.<\/p>\n<p>\u201cVamos acompanhar com aten\u00e7\u00e3o este processo de negocia\u00e7\u00f5es no GT e estaremos prontos para intervir, caso haja necessidade, para que a defini\u00e7\u00e3o seja a melhor poss\u00edvel para os trabalhadores\u201d, afirmou o coordenador da Comiss\u00e3o Executiva dos Empregados (CEE), Clot\u00e1rio Cardoso.<\/p>\n<p><strong>Acordo atual<\/strong><\/p>\n<p>Nesta primeira reuni\u00e3o a Caixa apresentou informa\u00e7\u00f5es sobre o pagamento dos deltas efetuados neste ano de 2022, referente \u00e0 avalia\u00e7\u00e3o de 2021. Dos 87.221 que o banco possui atualmente, apenas 78.699 receberam a promo\u00e7\u00e3o. Destes, 68.433 receberam um delta e 10.266 dois deltas.<\/p>\n<p>Na \u00faltima sistem\u00e1tica, ficou definido que o banco distribuiria um delta para todos os empregados eleg\u00edveis e um segundo delta para os empregados que atingissem a avalia\u00e7\u00e3o \u201cexcepcional\u201d no programa de Gest\u00e3o de Desempenho de Pessoas (GDP), mas apenas 53% dos empregados que atingiram a avali\u00e7\u00e3o excepcional receberam o segundo delta. O banco alegou limita\u00e7\u00e3o or\u00e7amentaria.<\/p>\n<p>Os representantes dos empregados solicitaram que a Caixa apresente dados complementares para subsidiar a constru\u00e7\u00e3o de uma proposta que contemple os anseios dos trabalhadores, como a estratifica\u00e7\u00e3o dos dados por setor e a quantidade empregados n\u00e3o-eleg\u00edveis.<\/p>\n<p>\u201cA promo\u00e7\u00e3o por m\u00e9rito \u00e9 uma conquista que tem impacto direto na renda do trabalhador da Caixa. No ano passado conseguimos manter um alto percentual de empregados contemplados com ao menos 1 delta e ficou definido que a Caixa usaria todo o recurso dispon\u00edvel para promo\u00e7\u00f5es com a distribui\u00e7\u00e3o do segundo delta. Isso mostra como o GT foi bem sucedido. E vamos lutar para termos novamente uma regra satisfat\u00f3ria neste ano\u201d, concluiu o representante do Sindicato dos Banc\u00e1rios de Campinas e Regi\u00e3o no GT, Marcelo Lima.<\/p>\n<p><strong>Hist\u00f3rico<\/strong><\/p>\n<p>Forma de progress\u00e3o no Plano de Cargos e Sal\u00e1rios (PCS), junto com a promo\u00e7\u00e3o por antiguidade \u2013 que \u00e9 devida ao empregado a cada dois anos \u2013 a promo\u00e7\u00e3o por merecimento deixou de ser aplicada em 1996. Ap\u00f3s 1998, a situa\u00e7\u00e3o agravou-se, pois os empregados admitidos a partir desta data foram enquadrados em um novo PCS, que, na carreira administrativa, possu\u00eda apenas 15 refer\u00eancias.<\/p>\n<p>Assim, a \u00faltima refer\u00eancia do PCS, que seria alcan\u00e7ada pelo empregado somente ap\u00f3s 30 anos de trabalho, considerando as promo\u00e7\u00f5es por antiguidade a cada dois anos e a aus\u00eancia da promo\u00e7\u00e3o por merecimento, era apenas R$ 850,00 maior que a refer\u00eancia de ingresso na Caixa.<\/p>\n<p>Em 2008, os empregados conquistaram a unifica\u00e7\u00e3o dos PCS de quem foi admitido antes e depois de 1998, ampliando o teto e restabelecendo as promo\u00e7\u00f5es por merecimento.<\/p>\n<p>O novo PCS, atualmente em vig\u00eancia, conta com 48 refer\u00eancias, sendo a inicial (201) R$ 3.000,00 e a \u00faltima (248) R$ 8.763,00, diferen\u00e7a de R$ 5.763,00 entre a refer\u00eancia final e a inicial. Considerando a concess\u00e3o de um Delta merecimento a cada ano e o Delta por antiguidade a cada dois anos, o empregado pode alcan\u00e7ar o topo do novo PCS ap\u00f3s 32 anos trabalhados na Caixa.<\/p>\n<p><strong>Pr\u00f3xima reuni\u00e3o<\/strong><\/p>\n<p>A pr\u00f3xima reuni\u00e3o para a defini\u00e7\u00e3o dos crit\u00e9rios de promo\u00e7\u00e3o vai ocorrer na semana que vem. O dia ainda n\u00e3o est\u00e1 definido, mas a previs\u00e3o \u00e9 que seja na quinta (17), ou sexta-feira (18).<\/p>\n<p><strong>Fonte: Contraf-CUT<\/strong><\/p>\n","protected":false},"excerpt":{"rendered":"<p>O Grupo de Trabalho de Promo\u00e7\u00e3o por M\u00e9rito da Caixa Econ\u00f4mica Federal realizou, nesta quinta-feira (10), a primeira reuni\u00e3o sobre o Plano de Cargos e Sal\u00e1rios (PCS) das empregadas e empregados e a consequente defini\u00e7\u00e3o dos crit\u00e9rios de avalia\u00e7\u00e3o para efeito de pagamento dos \u201cdeltas\u201d do ano de 2022-2023. Os crit\u00e9rios s\u00e3o debatidos todos os [&hellip;]<\/p>\n","protected":false},"author":2,"featured_media":13363,"comment_status":"","ping_status":"","sticky":false,"template":"","format":"standard","meta":{"footnotes":""},"categories":[3],"tags":[],"class_list":["post-13364","post","type-post","status-publish","format-standard","has-post-thumbnail","hentry","category-noticias"],"_links":{"self":[{"href":"https:\/\/hostnetart.com.br\/baixada\/wp-json\/wp\/v2\/posts\/13364","targetHints":{"allow":["GET"]}}],"collection":[{"href":"https:\/\/hostnetart.com.br\/baixada\/wp-json\/wp\/v2\/posts"}],"about":[{"href":"https:\/\/hostnetart.com.br\/baixada\/wp-json\/wp\/v2\/types\/post"}],"author":[{"embeddable":true,"href":"https:\/\/hostnetart.com.br\/baixada\/wp-json\/wp\/v2\/users\/2"}],"replies":[{"embeddable":true,"href":"https:\/\/hostnetart.com.br\/baixada\/wp-json\/wp\/v2\/comments?post=13364"}],"version-history":[{"count":0,"href":"https:\/\/hostnetart.com.br\/baixada\/wp-json\/wp\/v2\/posts\/13364\/revisions"}],"wp:featuredmedia":[{"embeddable":true,"href":"https:\/\/hostnetart.com.br\/baixada\/wp-json\/wp\/v2\/media\/13363"}],"wp:attachment":[{"href":"https:\/\/hostnetart.com.br\/baixada\/wp-json\/wp\/v2\/media?parent=13364"}],"wp:term":[{"taxonomy":"category","embeddable":true,"href":"https:\/\/hostnetart.com.br\/baixada\/wp-json\/wp\/v2\/categories?post=13364"},{"taxonomy":"post_tag","embeddable":true,"href":"https:\/\/hostnetart.com.br\/baixada\/wp-json\/wp\/v2\/tags?post=13364"}],"curies":[{"name":"wp","href":"https:\/\/api.w.org\/{rel}","templated":true}]}}