{"id":13358,"date":"2022-11-10T13:55:45","date_gmt":"2022-11-10T16:55:45","guid":{"rendered":"https:\/\/hostnetart.com.br\/baixada\/covid-volta-a-ameacar-a-sociedade\/"},"modified":"2022-11-10T13:55:45","modified_gmt":"2022-11-10T16:55:45","slug":"covid-volta-a-ameacar-a-sociedade","status":"publish","type":"post","link":"https:\/\/hostnetart.com.br\/baixada\/covid-volta-a-ameacar-a-sociedade\/","title":{"rendered":"Covid volta a amea\u00e7ar a sociedade"},"content":{"rendered":"<p>A covid-19 voltou a preocupar o Brasil, ap\u00f3s alguns meses de tr\u00e9gua. Neste ter\u00e7a-feira (8), ocorreu a primeira morte de uma pessoa contaminada pela subvariante BQ.1: uma mulher, na cidade de S\u00e3o Paulo. Desde o in\u00edcio de outubro, a taxa de transmiss\u00e3o do v\u00edrus (Rt) e as interna\u00e7\u00f5es de pessoas com a doen\u00e7a vem subindo. Especialistas come\u00e7am a alertar para o risco de uma nova onda no per\u00edodo de festas do final do ano.<\/p>\n<p>O Minist\u00e9rio da Sa\u00fade abandonou a consolida\u00e7\u00e3o de dados em \u00e2mbito nacional, no processo negacionista do atual governo em fim de mandato. No entanto, informa\u00e7\u00f5es sistematizadas pela\u00a0<a href=\"https:\/\/www.spcovid.net.br\/\" target=\"_blank\" rel=\"noopener noreferrer\">Info Tracker<\/a>, uma plataforma das universidades estaduais paulistas (USP, Unesp e Unicamp) para monitorar a pandemia, mostram que a Rt ultrapassou o valor 1, quando cada contaminado transmite o v\u00edrus para mais de uma pessoa. Esse \u00edndice indica que a doen\u00e7a est\u00e1 aumentando. Ainda segundo a Info Tracker, as interna\u00e7\u00f5es no estado saltaram de 80, em 17 de outubro, para 186 em 6 de novembro.<\/p>\n<p>Conforme a\u00a0<a href=\"https:\/\/abramed.org.br\/3803\/tendencia-de-alta-nos-casos-de-covid-e-sentida-nas-internacoes-e-nos-testes-laboratoriais-durante-o-mes-de-outubro-2\/\" target=\"_blank\" rel=\"noopener noreferrer\">Associa\u00e7\u00e3o Brasileira de Medicina Diagn\u00f3stica (Abramed) difundiu pela imprensa<\/a>, os laborat\u00f3rios identificaram que os resultados positivos para o coronav\u00edrus saltaram de 3,7% em 3 de outubro para 23% na primeira semana deste m\u00eas. Essa mesma tend\u00eancia de alta tamb\u00e9m j\u00e1 foi identificada pela rede de farm\u00e1cias do pa\u00eds, e divulgada por meio de sua\u00a0<a href=\"https:\/\/www.abrafarma.com.br\/\" target=\"_blank\" rel=\"noopener noreferrer\">associa\u00e7\u00e3o<\/a>.<\/p>\n<p>H\u00e1 v\u00e1rios motivos que podem estar promovendo o crescimento da doen\u00e7a, como a chegada da nova variante BQ.1, a redu\u00e7\u00e3o da imunidade de quem j\u00e1 se vacinou, as aglomera\u00e7\u00f5es no per\u00edodo da campanha eleitoral e a procura das pessoas pelas doses de refor\u00e7o abaixo do ideal, em especial pela quarta aplica\u00e7\u00e3o do imunizante.<\/p>\n<p>Para a m\u00e9dica e pesquisadora em Sa\u00fade do Trabalhador da Fundacentro e doutora pela Faculdade de Sa\u00fade P\u00fablica da USP, Maria Maeno, \u201cde fato a variante BQ.1 est\u00e1 se disseminando rapidamente, o que exige que voltemos a deixar de participar de grandes aglomera\u00e7\u00f5es e a usar m\u00e1scara em locais fechados. J\u00e1 h\u00e1 vacinas que protegem melhor contra as variantes \u00d4micron, mas elas ainda n\u00e3o est\u00e3o dispon\u00edveis no Brasil, e precisam ser adquiridas\u201d.<\/p>\n<h3><strong>Banc\u00e1rias e banc\u00e1rios<\/strong><\/h3>\n<p>Para o secret\u00e1rio de Sa\u00fade do Trabalhador da Confedera\u00e7\u00e3o Nacional dos Trabalhadores do Ramo Financeiro (Contraf-CUT), Mauro Salles, \u201cno caso de banc\u00e1rias e banc\u00e1rios, os cuidados devem ser redobrados, pois suas atividades s\u00e3o sempre em contato com muitas pessoas\u201d. Mauro orienta, ainda, que \u201ctodos sigam os protocolos de sa\u00fade, conforme a orienta\u00e7\u00e3o de especialistas, mesmo sem a obriga\u00e7\u00e3o legal que vigorou at\u00e9 alguns meses atr\u00e1s, pois esse \u00e9 o \u00fanico caminho para proteger a si mesmo, a fam\u00edlia e a sociedade como um todo\u201d.<\/p>\n<h3><strong>Cuidados<\/strong><\/h3>\n<p>Conhe\u00e7a as orienta\u00e7\u00f5es b\u00e1sicas da Organiza\u00e7\u00e3o Mundial da Sa\u00fade (OMS) para se defender do coronav\u00edrus:<\/p>\n<ul>\n<li>Mantenha dist\u00e2ncia de outras pessoas de pelo menos 1 metro.<\/li>\n<li>Evite aglomera\u00e7\u00f5es.<\/li>\n<li>Use m\u00e1scara, especialmente em locais fechados. Troque o equipamento sempre que ele ficar \u00famido. N\u00e3o use m\u00e1scara com v\u00e1lvulas.<\/li>\n<li>Prefira locais abertos e ventilados. Abra uma janela se estiver em local fechado.<\/li>\n<li>Limpe as m\u00e3os com frequ\u00eancia, com sab\u00e3o e \u00e1gua ou \u00e1lcool em gel.<\/li>\n<li>Mantenha-se em dia com a vacina. At\u00e9 o momento, todos adultos devem ter tomado a quarta dose.<\/li>\n<li>Cubra o nariz e a boca com o bra\u00e7o dobrado ou um len\u00e7o ao tossir ou espirrar.<\/li>\n<li>Evite tocar superf\u00edcies de locais p\u00fablicos. Limpe superf\u00edcies com frequ\u00eancia.<\/li>\n<li>Fique em casa se voc\u00ea sentir indisposi\u00e7\u00e3o. Os sintomas mais comuns da covid s\u00e3o tosse seca, febre e cansa\u00e7o.<\/li>\n<li>Procure atendimento m\u00e9dico se tiver febre, tosse e dificuldade para respirar. Se poss\u00edvel, ligue para a unidade de sa\u00fade e pe\u00e7a orienta\u00e7\u00f5es antecipadas.<\/li>\n<li>Mantenha-se informado sobre a situa\u00e7\u00e3o em sua localidade.<\/li>\n<\/ul>\n<p>Acesse aqui a\u00a0<a href=\"https:\/\/www.who.int\/pt\/emergencies\/diseases\/novel-coronavirus-2019\/advice-for-public\" target=\"_blank\" rel=\"noopener noreferrer\">orienta\u00e7\u00e3o completa da OMS<\/a>\u00a0para se proteger.<\/p>\n<p><strong>Fonte: Contraf-CUT<\/strong><\/p>\n","protected":false},"excerpt":{"rendered":"<p>A covid-19 voltou a preocupar o Brasil, ap\u00f3s alguns meses de tr\u00e9gua. Neste ter\u00e7a-feira (8), ocorreu a primeira morte de uma pessoa contaminada pela subvariante BQ.1: uma mulher, na cidade de S\u00e3o Paulo. Desde o in\u00edcio de outubro, a taxa de transmiss\u00e3o do v\u00edrus (Rt) e as interna\u00e7\u00f5es de pessoas com a doen\u00e7a vem subindo. [&hellip;]<\/p>\n","protected":false},"author":2,"featured_media":13357,"comment_status":"","ping_status":"","sticky":false,"template":"","format":"standard","meta":{"footnotes":""},"categories":[3],"tags":[],"class_list":["post-13358","post","type-post","status-publish","format-standard","has-post-thumbnail","hentry","category-noticias"],"_links":{"self":[{"href":"https:\/\/hostnetart.com.br\/baixada\/wp-json\/wp\/v2\/posts\/13358","targetHints":{"allow":["GET"]}}],"collection":[{"href":"https:\/\/hostnetart.com.br\/baixada\/wp-json\/wp\/v2\/posts"}],"about":[{"href":"https:\/\/hostnetart.com.br\/baixada\/wp-json\/wp\/v2\/types\/post"}],"author":[{"embeddable":true,"href":"https:\/\/hostnetart.com.br\/baixada\/wp-json\/wp\/v2\/users\/2"}],"replies":[{"embeddable":true,"href":"https:\/\/hostnetart.com.br\/baixada\/wp-json\/wp\/v2\/comments?post=13358"}],"version-history":[{"count":0,"href":"https:\/\/hostnetart.com.br\/baixada\/wp-json\/wp\/v2\/posts\/13358\/revisions"}],"wp:featuredmedia":[{"embeddable":true,"href":"https:\/\/hostnetart.com.br\/baixada\/wp-json\/wp\/v2\/media\/13357"}],"wp:attachment":[{"href":"https:\/\/hostnetart.com.br\/baixada\/wp-json\/wp\/v2\/media?parent=13358"}],"wp:term":[{"taxonomy":"category","embeddable":true,"href":"https:\/\/hostnetart.com.br\/baixada\/wp-json\/wp\/v2\/categories?post=13358"},{"taxonomy":"post_tag","embeddable":true,"href":"https:\/\/hostnetart.com.br\/baixada\/wp-json\/wp\/v2\/tags?post=13358"}],"curies":[{"name":"wp","href":"https:\/\/api.w.org\/{rel}","templated":true}]}}