{"id":13356,"date":"2022-11-10T13:54:11","date_gmt":"2022-11-10T16:54:11","guid":{"rendered":"https:\/\/hostnetart.com.br\/baixada\/balanco-trimestral-caixa-apresenta-maior-concessao-de-credito-da-historia\/"},"modified":"2022-11-10T13:54:11","modified_gmt":"2022-11-10T16:54:11","slug":"balanco-trimestral-caixa-apresenta-maior-concessao-de-credito-da-historia","status":"publish","type":"post","link":"https:\/\/hostnetart.com.br\/baixada\/balanco-trimestral-caixa-apresenta-maior-concessao-de-credito-da-historia\/","title":{"rendered":"Balan\u00e7o trimestral: Caixa apresenta maior concess\u00e3o de cr\u00e9dito da hist\u00f3ria"},"content":{"rendered":"<p>O crescimento consider\u00e1vel de oferta de cr\u00e9dito que a Caixa Econ\u00f4mica registra nos resultados do terceiro trimestre do ano aponta para a instrumentaliza\u00e7\u00e3o do banco pelo atual governo, na tentativa frustrada de reeleger Bolsonaro. A avalia\u00e7\u00e3o \u00e9 do dirigente da Confedera\u00e7\u00e3o Nacional dos Trabalhadores do Ramo Financeiro (Contraf-CUT), Rafael de Castro, com base em n\u00fameros oficiais divulgados nesta quarta-feira (9).<\/p>\n<p>Em doze meses, a Carteira de Cr\u00e9dito Ampliada do banco p\u00fablico teve alta de 16%, totalizando R$ 977 bilh\u00f5es, com destaque para as opera\u00e7\u00f5es comerciais com pessoas f\u00edsicas que cresceram 22,6% e totalizaram R$ 133,6 bilh\u00f5es.<\/p>\n<p>\u201cNo per\u00edodo pr\u00e9-eleitoral, a Caixa apresentou uma abertura dos cofres muito diferente do observado nos anos anteriores do governo atual. Claro que n\u00f3s sempre defendemos uma Caixa indutora do desenvolvimento, que empresta mais \u00e0s classes B, C e D, microempreendedores e pequenos empres\u00e1rios. Mas, a forma como isso ocorreu em t\u00e3o curto per\u00edodo de tempo e diante da corrida eleitoral, preocupa\u201d, apontou Rafael, que tamb\u00e9m \u00e9 funcion\u00e1rio da Caixa e destacou o exemplo do controverso consignado para os benefici\u00e1rios do Aux\u00edlio Brasil, que atingiu R$ 5,5 bilh\u00f5es de cr\u00e9dito at\u00e9 novembro, s\u00f3 na Caixa.<\/p>\n<p>Essa movimenta\u00e7\u00e3o que disponibilizou dinheiro para o mercado em quantidades consider\u00e1veis em curto espa\u00e7o de tempo resultou, inclusive, em uma mudan\u00e7a significativa do \u00cdndice de Liquidez de Curto Prazo (RCL) que, em setembro de 2022, foi de 176% ante os 295,6% em setembro do ano anterior, o que aproxima a Caixa do \u00edndice registrado pelos maiores bancos privados, de cerca de 150%.<\/p>\n<h3><strong>Matem\u00e1gica<\/strong><\/h3>\n<p>Al\u00e9m da oferta de cr\u00e9dito ampliada em tempo de elei\u00e7\u00e3o, Rafael destacou a falta de planejamento da atual gest\u00e3o. \u201cDurante esse per\u00edodo delicado, onde nos colocamos na linha de frente para n\u00e3o deixar de atender ao pa\u00eds e pessoas que mais precisam, o que contribuiu para que centenas de vidas de banc\u00e1rias e banc\u00e1rios fossem ceifadas, assistimos representantes do primeiro escal\u00e3o do banco usando a m\u00eddia para se gabar de resultados positivos, conquistados, em grande medida, a press\u00e3o exagerada sobre os trabalhadores. Isso \u00e9 o que chamamos de \u2018gest\u00e3o do banco da matem\u00e1gica\u2019, termo que faz alus\u00e3o \u00e0s frases do ex-presidente [afastado por den\u00fancias de ass\u00e9dio] Pedro Guimar\u00e3es, sobre ser eficiente, denominando a Caixa como \u2018banco da matem\u00e1tica\u2019. Cada dia trabalhado nessa gest\u00e3o foi um sufoco\u201d.<\/p>\n<p>O dirigente da Contraf-CUT destacou ainda que, apesar dos resultados positivos no balan\u00e7o recente, as entidades que representam os trabalhadores da Caixa seguem registrando casos \u201cde ass\u00e9dio moral\u201d, onde os banc\u00e1rios trabalham em um estado de \u201cpandem\u00f4nio di\u00e1rio, sem saber o que a diretoria quer, com altera\u00e7\u00f5es bruscas e constantes de metas que extrapolam qualquer n\u00edvel de toler\u00e2ncia aceit\u00e1vel e de forma jamais vista em nossa hist\u00f3ria\u201d. Em paralelo a esse cen\u00e1rio, \u201csistemas n\u00e3o funcionam, computadores e terminais de autoatendimento frequentemente apresentam problemas\u201d.<\/p>\n<h3><strong>Outros dados<\/strong><\/h3>\n<p>No segmento de pessoas jur\u00eddicas, o crescimento de cr\u00e9dito comercial nos \u00faltimos dozes meses foi de 10,9% em rela\u00e7\u00e3o ao mesmo per\u00edodo de 2021, totalizando R$ 89,7 bilh\u00f5es, com relevo para as linhas voltadas \u00e0s micro e pequenas empresas (R$ 57,5 bilh\u00f5es). No balan\u00e7o trimestral da Caixa, ocorre destaque tamb\u00e9m para o segmento de agroneg\u00f3cio, onde o aumento do cr\u00e9dito foi de 227,4%, totalizando R$ 40,3 bilh\u00f5es.<\/p>\n<p>As demonstra\u00e7\u00f5es financeiras apontam ainda que, nos nove primeiros meses do ano, a Caixa apresentou lucro l\u00edquido de R$ 7,6 bilh\u00f5es, com diminui\u00e7\u00e3o de 45,9% em rela\u00e7\u00e3o ao mesmo per\u00edodo do ano subsequente. Deste total, R$ 443 milh\u00f5es foram resultado de receitas provenientes do desreconhecimento do passivo de juros e atualiza\u00e7\u00e3o monet\u00e1ria (contrato n\u00ba 504\/PGFN\/CAF), referente a devolu\u00e7\u00e3o de valores de IHCDs (Instrumento H\u00edbrido de Capital e D\u00edvida) para o tesouro. J\u00e1 a rentabilidade sobre o patrim\u00f4nio l\u00edquido do banco (ROE) ficou em 9,23%, com decr\u00e9scimo de 10,6 pontos percentuais (p.p.).<\/p>\n<p><strong><a href=\"https:\/\/contrafcut.com.br\/wp-content\/uploads\/2022\/11\/destaques-da-caixa-3t22-rv-1.pdf\" target=\"_blank\" rel=\"noopener noreferrer\">Confira aqui<\/a><\/strong>\u00a0<em>os destaques completos do balan\u00e7o, apontados pela equipe da Subse\u00e7\u00e3o do Departamento Intersindical de Estat\u00edstica e Estudos Socioecon\u00f4micos (Dieese) na Confedera\u00e7\u00e3o Nacional dos Trabalhadores do Ramo Financeiro (Contraf-CUT).<\/em><\/p>\n<h3><strong>Dedica\u00e7\u00e3o dos banc\u00e1rios<\/strong><\/h3>\n<p><a href=\"https:\/\/ritaserrano.com.br\/noticias\/473-caixa-divulga-balanco-do-terceiro-tri-de-2022\" target=\"_blank\" rel=\"noopener noreferrer\">Em artigo de an\u00e1lise sobre os resultados recentes<\/a>, a representante dos trabalhadores no Conselho de Administra\u00e7\u00e3o da Caixa, Rita Serrano, ponderou que \u201cmesmo em meio a amplia\u00e7\u00e3o dr\u00e1stica de den\u00fancias de casos de ass\u00e9dio moral e sexual (\u2026) e aumento nos afastamentos m\u00e9dicos na ordem de 45% no mesmo per\u00edodo; (\u2026) mesmo em meio a pandemia, sofrendo press\u00e3o de todo tipo; os empregados da Caixa continuam na linha de frente atendendo milh\u00f5es de clientes e de brasileiros e brasileiras desamparados pela crise social e econ\u00f4mica que o pa\u00eds atravessa. O compromisso com a gest\u00e3o p\u00fablica, expertise e dedica\u00e7\u00e3o s\u00e3o a marca dos trabalhadores da Caixa, que merecem respeito e valoriza\u00e7\u00e3o\u201d.<\/p>\n<p>\u201cTrabalhar duro nunca foi problema para nenhum banc\u00e1rio da Caixa\u201d, completou Rafael de Castro. \u201cNo futuro pr\u00f3ximo, esperamos da gest\u00e3o do banco di\u00e1logo, respeito e valoriza\u00e7\u00e3o dos trabalhadores. Queremos ser ouvidos e ajudar na reconstru\u00e7\u00e3o da Caixa que o Brasil precisa, porque conhecemos a realidade, as necessidades e as possibilidades de crescimento de fluxos e opera\u00e7\u00f5es do banco, para apoiar no projeto de fortalecimento das empresas p\u00fablicas em favor do desenvolvimento do pa\u00eds\u201d, concluiu.<\/p>\n<p><strong>Fonte: Contraf-CUT<\/strong><\/p>\n","protected":false},"excerpt":{"rendered":"<p>O crescimento consider\u00e1vel de oferta de cr\u00e9dito que a Caixa Econ\u00f4mica registra nos resultados do terceiro trimestre do ano aponta para a instrumentaliza\u00e7\u00e3o do banco pelo atual governo, na tentativa frustrada de reeleger Bolsonaro. A avalia\u00e7\u00e3o \u00e9 do dirigente da Confedera\u00e7\u00e3o Nacional dos Trabalhadores do Ramo Financeiro (Contraf-CUT), Rafael de Castro, com base em n\u00fameros [&hellip;]<\/p>\n","protected":false},"author":2,"featured_media":13355,"comment_status":"","ping_status":"","sticky":false,"template":"","format":"standard","meta":{"footnotes":""},"categories":[3],"tags":[],"class_list":["post-13356","post","type-post","status-publish","format-standard","has-post-thumbnail","hentry","category-noticias"],"_links":{"self":[{"href":"https:\/\/hostnetart.com.br\/baixada\/wp-json\/wp\/v2\/posts\/13356","targetHints":{"allow":["GET"]}}],"collection":[{"href":"https:\/\/hostnetart.com.br\/baixada\/wp-json\/wp\/v2\/posts"}],"about":[{"href":"https:\/\/hostnetart.com.br\/baixada\/wp-json\/wp\/v2\/types\/post"}],"author":[{"embeddable":true,"href":"https:\/\/hostnetart.com.br\/baixada\/wp-json\/wp\/v2\/users\/2"}],"replies":[{"embeddable":true,"href":"https:\/\/hostnetart.com.br\/baixada\/wp-json\/wp\/v2\/comments?post=13356"}],"version-history":[{"count":0,"href":"https:\/\/hostnetart.com.br\/baixada\/wp-json\/wp\/v2\/posts\/13356\/revisions"}],"wp:featuredmedia":[{"embeddable":true,"href":"https:\/\/hostnetart.com.br\/baixada\/wp-json\/wp\/v2\/media\/13355"}],"wp:attachment":[{"href":"https:\/\/hostnetart.com.br\/baixada\/wp-json\/wp\/v2\/media?parent=13356"}],"wp:term":[{"taxonomy":"category","embeddable":true,"href":"https:\/\/hostnetart.com.br\/baixada\/wp-json\/wp\/v2\/categories?post=13356"},{"taxonomy":"post_tag","embeddable":true,"href":"https:\/\/hostnetart.com.br\/baixada\/wp-json\/wp\/v2\/tags?post=13356"}],"curies":[{"name":"wp","href":"https:\/\/api.w.org\/{rel}","templated":true}]}}