{"id":1335,"date":"2014-05-29T00:00:00","date_gmt":"2014-05-29T03:00:00","guid":{"rendered":"https:\/\/hostnetart.com.br\/baixada\/contraf-cut-promove-reuniao-para-midia-da-campanha-nacional-no-dia-3\/"},"modified":"2014-05-29T00:00:00","modified_gmt":"2014-05-29T03:00:00","slug":"contraf-cut-promove-reuniao-para-midia-da-campanha-nacional-no-dia-3","status":"publish","type":"post","link":"https:\/\/hostnetart.com.br\/baixada\/contraf-cut-promove-reuniao-para-midia-da-campanha-nacional-no-dia-3\/","title":{"rendered":"Contraf-CUT promove reuni\u00e3o para m\u00eddia da Campanha Nacional no dia 3"},"content":{"rendered":"<p>A Contraf-CUT realiza na pr\u00f3xima ter\u00e7a-feira, dia 3 de junho, \u00e0s 14 horas, a primeira reuni\u00e3o espec\u00edfica para discutir a m\u00eddia da Campanha Nacional dos Banc\u00e1rios 2014. O encontro ser\u00e1 realizado na sede da Confedera\u00e7\u00e3o (Rua L\u00edbero Badar\u00f3, 158 \u2013 1\u00ba andar), no centro de S\u00e3o Paulo.<\/p>\n<p>\u201cA exemplo de anos anteriores, o objetivo \u00e9 come\u00e7ar a construir uma proposta de m\u00eddia nacional, visando definir um conceito que seja capaz de dialogar com os banc\u00e1rios e a sociedade, pressionar os bancos, fortalecer a unidade da categoria e potencializar a marca da campanha em todo pa\u00eds\u201d, afirma o secret\u00e1rio de imprensa da Contraf-CUT, Ademir Wiederkehr.<\/p>\n<p>A reuni\u00e3o \u00e9 aberta \u00e0 participa\u00e7\u00e3o de dirigentes do Comando Nacional, sindicatos e federa\u00e7\u00f5es, especialmente diretores de comunica\u00e7\u00e3o e profissionais de imprensa das entidades.<\/p>\n<p>Fonte: Contraf-CUT<\/p>\n","protected":false},"excerpt":{"rendered":"<p>A Contraf-CUT realiza na pr\u00f3xima ter\u00e7a-feira, dia 3 de junho, \u00e0s 14 horas, a primeira reuni\u00e3o espec\u00edfica para discutir a m\u00eddia da Campanha Nacional dos Banc\u00e1rios 2014. O encontro ser\u00e1 realizado na sede da Confedera\u00e7\u00e3o (Rua L\u00edbero Badar\u00f3, 158 \u2013 1\u00ba andar), no centro de S\u00e3o Paulo. \u201cA exemplo de anos anteriores, o objetivo \u00e9 [&hellip;]<\/p>\n","protected":false},"author":1,"featured_media":0,"comment_status":"","ping_status":"","sticky":false,"template":"","format":"standard","meta":{"footnotes":""},"categories":[3],"tags":[],"class_list":["post-1335","post","type-post","status-publish","format-standard","hentry","category-noticias"],"_links":{"self":[{"href":"https:\/\/hostnetart.com.br\/baixada\/wp-json\/wp\/v2\/posts\/1335","targetHints":{"allow":["GET"]}}],"collection":[{"href":"https:\/\/hostnetart.com.br\/baixada\/wp-json\/wp\/v2\/posts"}],"about":[{"href":"https:\/\/hostnetart.com.br\/baixada\/wp-json\/wp\/v2\/types\/post"}],"author":[{"embeddable":true,"href":"https:\/\/hostnetart.com.br\/baixada\/wp-json\/wp\/v2\/users\/1"}],"replies":[{"embeddable":true,"href":"https:\/\/hostnetart.com.br\/baixada\/wp-json\/wp\/v2\/comments?post=1335"}],"version-history":[{"count":0,"href":"https:\/\/hostnetart.com.br\/baixada\/wp-json\/wp\/v2\/posts\/1335\/revisions"}],"wp:attachment":[{"href":"https:\/\/hostnetart.com.br\/baixada\/wp-json\/wp\/v2\/media?parent=1335"}],"wp:term":[{"taxonomy":"category","embeddable":true,"href":"https:\/\/hostnetart.com.br\/baixada\/wp-json\/wp\/v2\/categories?post=1335"},{"taxonomy":"post_tag","embeddable":true,"href":"https:\/\/hostnetart.com.br\/baixada\/wp-json\/wp\/v2\/tags?post=1335"}],"curies":[{"name":"wp","href":"https:\/\/api.w.org\/{rel}","templated":true}]}}